{"id":2476,"date":"2015-08-06T06:15:33","date_gmt":"2015-08-06T06:15:33","guid":{"rendered":"https:\/\/codexflores.ch\/index.php\/2015\/08\/06\/met-verzicht-auf-auf-otello-blackfacing\/"},"modified":"2015-08-06T06:15:33","modified_gmt":"2015-08-06T06:15:33","slug":"met-verzicht-auf-auf-otello-blackfacing","status":"publish","type":"post","link":"https:\/\/codexflores.ch\/index.php\/2015\/08\/06\/met-verzicht-auf-auf-otello-blackfacing\/","title":{"rendered":"Met verzichtet auf Otello-Blackfacing"},"content":{"rendered":"<p><span style=\"font-family: arial,helvetica,sans-serif; font-size: small;\">06.08.2015 &#8212; Nach Chicago hat nun auch Met-Chef Peter Gelb erkl\u00e4rt, es werde an seinem Haus k\u00fcnftig keinen schwarz geschminkten Otello mehr geben. Was sich am Sprechtheater bereits durchgesetzt hat, scheint nun auch die konservativere Opernwelt zu bestimmen.<\/span><\/p>\n<p><span style=\"font-family: arial,helvetica,sans-serif; font-size: small;\"><strong>06.08.2015 &#8212; Nach Chicago hat nun auch Met-Chef Peter Gelb erkl\u00e4rt, es werde an seinem Haus k\u00fcnftig keinen schwarz geschminkten Otello mehr geben. Was sich am Sprechtheater bereits durchgesetzt hat, scheint nun auch die konservativere Opernwelt zu bestimmen.<\/strong><\/span><\/p>\n<p>\u00a0<\/p>\n<p><span style=\"font-family: arial,helvetica,sans-serif; font-size: small;\">Dei Tradition, den Mohr Otello in Verdis Oper von einem schwarz angemalten weissen Tenor singen zu lassen, scheint endg\u00fcltig ausgedient zu haben. Das sogenannte\u00a0\u00abBlackfacing\u00bb hat in der Operntradition zwar nur sehr bedingt einen Zusammenhang mit der unseligen amerikanischen B\u00fchnentradition der Lacherlichmachung von Schwarzen durch Weisse. Dennoch weckte es immer diese Konnotationen. <\/span><\/p>\n<p>\u00a0<\/p>\n<p><span style=\"font-family: arial,helvetica,sans-serif; font-size: small;\">Ausgel\u00f6st worden war die Debatte von einer Brosch\u00fcre zur aktuellen Otello-Inszenierung der Met, die den lettischen S\u00e4nger Aleksandrs Antonenko so pr\u00e4sentierte, als sei er Opfer einer Selbstbr\u00e4unungs-Creme geworden. Gelb bezeichnete das Portr\u00e4t in einem Interview nmt der Webseite <a href=\"http:\/\/hyperallergic.com\/226687\/as-the-met-abandons-blackface-a-look-at-the-legacy-of-african-americans-in-opera\/\" target=\"_blank\" rel=\"noopener noreferrer\">hyperallergic.com<\/a> selber als \u00abMarketing-Fehlgriff\u00bb. <em> (cf)<\/em><\/span><\/p>\n<p>\u00a0<\/p>\n<p>\u00a0<\/p>\n","protected":false},"excerpt":{"rendered":"<p><span style=\"font-family: arial,helvetica,sans-serif; font-size: small;\">06.08.2015 &#8212; Nach Chicago hat nun auch Met-Chef Peter Gelb erkl\u00e4rt, es werde an seinem Haus k\u00fcnftig keinen schwarz geschminkten Otello mehr geben. Was sich am Sprechtheater bereits durchgesetzt hat, scheint nun auch die konservativere Opernwelt zu bestimmen.<\/span><\/p>\n","protected":false},"author":1,"featured_media":0,"comment_status":"open","ping_status":"open","sticky":false,"template":"","format":"standard","meta":{"footnotes":""},"categories":[2],"tags":[],"class_list":["post-2476","post","type-post","status-publish","format-standard","hentry","category-nachrichten","entry"],"_links":{"self":[{"href":"https:\/\/codexflores.ch\/index.php\/wp-json\/wp\/v2\/posts\/2476","targetHints":{"allow":["GET"]}}],"collection":[{"href":"https:\/\/codexflores.ch\/index.php\/wp-json\/wp\/v2\/posts"}],"about":[{"href":"https:\/\/codexflores.ch\/index.php\/wp-json\/wp\/v2\/types\/post"}],"author":[{"embeddable":true,"href":"https:\/\/codexflores.ch\/index.php\/wp-json\/wp\/v2\/users\/1"}],"replies":[{"embeddable":true,"href":"https:\/\/codexflores.ch\/index.php\/wp-json\/wp\/v2\/comments?post=2476"}],"version-history":[{"count":0,"href":"https:\/\/codexflores.ch\/index.php\/wp-json\/wp\/v2\/posts\/2476\/revisions"}],"wp:attachment":[{"href":"https:\/\/codexflores.ch\/index.php\/wp-json\/wp\/v2\/media?parent=2476"}],"wp:term":[{"taxonomy":"category","embeddable":true,"href":"https:\/\/codexflores.ch\/index.php\/wp-json\/wp\/v2\/categories?post=2476"},{"taxonomy":"post_tag","embeddable":true,"href":"https:\/\/codexflores.ch\/index.php\/wp-json\/wp\/v2\/tags?post=2476"}],"curies":[{"name":"wp","href":"https:\/\/api.w.org\/{rel}","templated":true}]}}