{"id":2479,"date":"2015-08-10T05:49:33","date_gmt":"2015-08-10T05:49:33","guid":{"rendered":"https:\/\/codexflores.ch\/index.php\/2015\/08\/10\/ozawa-verletzt-sich-an-der-wirbelsaeule\/"},"modified":"2015-08-10T05:49:33","modified_gmt":"2015-08-10T05:49:33","slug":"ozawa-verletzt-sich-an-der-wirbelsaeule","status":"publish","type":"post","link":"https:\/\/codexflores.ch\/index.php\/2015\/08\/10\/ozawa-verletzt-sich-an-der-wirbelsaeule\/","title":{"rendered":"Ozawa verletzt sich an der Wirbels\u00e4ule"},"content":{"rendered":"<p><span style=\"font-family: arial,helvetica,sans-serif; font-size: small;\">10.08.2015 &#8212; Der japanische Dirigent Seiji Ozawa hat bei einem Sturz Frakturen an f\u00fcnf Lendenwirbeln erlitten und muss deshalb f\u00fcr mehrere Wochen Engagements absagen, namentlich Auftritte am Seiji Ozawa Matsumoto Festival in Matsumoto.<\/span><\/p>\n<p><span style=\"font-family: arial,helvetica,sans-serif; font-size: small;\"><strong>10.08.2015 &#8212; Der japanische Dirigent Seiji Ozawa hat bei einem Sturz Frakturen an f\u00fcnf Lendenwirbeln erlitten und muss deshalb f\u00fcr mehrere Wochen Engagements absagen, namentlich Auftritte am Seiji Ozawa Matsumoto Festival in Matsumoto.<\/strong><\/span><\/p>\n<p><span style=\"font-family: arial,helvetica,sans-serif; font-size: small;\">\u00a0<\/span><\/p>\n<p><span style=\"font-family: arial,helvetica,sans-serif; font-size: small;\">Ozawa, der in den Nuller-Jahren des neuen Jahrhunderts als Musikdirektor der Wiener Staatsoper amtete, zog sich 2010 aus der \u00d6ffentlichkeit zur\u00fcck, nachdem bei ihm Speiser\u00f6hrenkrebs diagnostiziert worden war. 2013 kehrte er ins Konzertleben zur\u00fcck. <\/span><\/p>\n<p>\u00a0<\/p>\n<p><span style=\"font-family: arial,helvetica,sans-serif; font-size: small;\">In der Westschweiz ist der japanische Dirigent im Rahmen seiner Genfer Seiji Ozawa International Academy Switzerland t\u00e4tig, die das Kammermusikspiel als wesentliche Voraussetzung f\u00fcr jeden kompletten Musiker versteht. <em>(cf)<\/em><\/span><\/p>\n","protected":false},"excerpt":{"rendered":"<p><span style=\"font-family: arial,helvetica,sans-serif; font-size: small;\">10.08.2015 &#8212; Der japanische Dirigent Seiji Ozawa hat bei einem Sturz Frakturen an f\u00fcnf Lendenwirbeln erlitten und muss deshalb f\u00fcr mehrere Wochen Engagements absagen, namentlich Auftritte am Seiji Ozawa Matsumoto Festival in Matsumoto.<\/span><\/p>\n","protected":false},"author":1,"featured_media":0,"comment_status":"open","ping_status":"open","sticky":false,"template":"","format":"standard","meta":{"footnotes":""},"categories":[2],"tags":[],"class_list":["post-2479","post","type-post","status-publish","format-standard","hentry","category-nachrichten","entry"],"_links":{"self":[{"href":"https:\/\/codexflores.ch\/index.php\/wp-json\/wp\/v2\/posts\/2479","targetHints":{"allow":["GET"]}}],"collection":[{"href":"https:\/\/codexflores.ch\/index.php\/wp-json\/wp\/v2\/posts"}],"about":[{"href":"https:\/\/codexflores.ch\/index.php\/wp-json\/wp\/v2\/types\/post"}],"author":[{"embeddable":true,"href":"https:\/\/codexflores.ch\/index.php\/wp-json\/wp\/v2\/users\/1"}],"replies":[{"embeddable":true,"href":"https:\/\/codexflores.ch\/index.php\/wp-json\/wp\/v2\/comments?post=2479"}],"version-history":[{"count":0,"href":"https:\/\/codexflores.ch\/index.php\/wp-json\/wp\/v2\/posts\/2479\/revisions"}],"wp:attachment":[{"href":"https:\/\/codexflores.ch\/index.php\/wp-json\/wp\/v2\/media?parent=2479"}],"wp:term":[{"taxonomy":"category","embeddable":true,"href":"https:\/\/codexflores.ch\/index.php\/wp-json\/wp\/v2\/categories?post=2479"},{"taxonomy":"post_tag","embeddable":true,"href":"https:\/\/codexflores.ch\/index.php\/wp-json\/wp\/v2\/tags?post=2479"}],"curies":[{"name":"wp","href":"https:\/\/api.w.org\/{rel}","templated":true}]}}