{"id":2480,"date":"2015-08-10T05:58:44","date_gmt":"2015-08-10T05:58:44","guid":{"rendered":"https:\/\/codexflores.ch\/index.php\/2015\/08\/10\/neuer-konzertsaal-in-lugano-wird-eroeffnet\/"},"modified":"2015-08-10T05:58:44","modified_gmt":"2015-08-10T05:58:44","slug":"neuer-konzertsaal-in-lugano-wird-eroeffnet","status":"publish","type":"post","link":"https:\/\/codexflores.ch\/index.php\/2015\/08\/10\/neuer-konzertsaal-in-lugano-wird-eroeffnet\/","title":{"rendered":"Neuer Konzertsaal in Lugano wird er\u00f6ffnet"},"content":{"rendered":"<p>10.08.2015 &#8212; Lugano hat mit dem LAC, \u00abLugano Arte e Cultura\u00bb, einen neuen Konzertsaal, der auch dem Orchestra della Svizzera italiana zur Verf\u00fcgung steht. Er wird am 12. September offiziell er\u00f6ffnet.<\/p>\n<p><strong>10.08.2015 &#8212; Lugano hat mit dem LAC, \u00abLugano Arte e Cultura\u00bb, einen neuen Konzertsaal. Er wird am 12. September offiziell er\u00f6ffnet.<\/strong><\/p>\n<p>\u00a0<\/p>\n<p>Der Konzert- und Theatersaal des LAC ist ganz mit Holz verkleidet und verf\u00fcgt \u00fcber 1000 Sitzpl\u00e4tze. Seine B\u00fchne besteht aus einer\u00a0Akustikmuschel mit modular verschiebbaren Elementen. Neben dem Saal behrbergt das LAC auch das Museo d\u2019Arte della Svizzera Italiana, in dem das Museo Cantonale d\u2019Arte und das Museo d\u2019Arte della citt\u00e0 di Lugano zusammengef\u00fchrt werden. \u00a0<\/p>\n<p>\u00a0<\/p>\n<p>Er\u00f6ffnet wird das LAC am 12. September mit der Theaterauff\u00fchrung von \u00abLa Verit\u00e0\u00bb der Compagnia Finzi Pasca. Am 25. September f\u00fchren das Orchestra della Svizzera italiana und der Chor der RSI unter der Leitung von Vladimir Ashkenazy Beethovens Neunte Symphonie auf. <em>(cf)<\/em><br \/>\u00a0<\/p>\n","protected":false},"excerpt":{"rendered":"<p>10.08.2015 &#8212; Lugano hat mit dem LAC, \u00abLugano Arte e Cultura\u00bb, einen neuen Konzertsaal, der auch dem Orchestra della Svizzera italiana zur Verf\u00fcgung steht. Er wird am 12. September offiziell er\u00f6ffnet.<\/p>\n","protected":false},"author":1,"featured_media":0,"comment_status":"open","ping_status":"open","sticky":false,"template":"","format":"standard","meta":{"footnotes":""},"categories":[2],"tags":[],"class_list":["post-2480","post","type-post","status-publish","format-standard","hentry","category-nachrichten","entry"],"_links":{"self":[{"href":"https:\/\/codexflores.ch\/index.php\/wp-json\/wp\/v2\/posts\/2480","targetHints":{"allow":["GET"]}}],"collection":[{"href":"https:\/\/codexflores.ch\/index.php\/wp-json\/wp\/v2\/posts"}],"about":[{"href":"https:\/\/codexflores.ch\/index.php\/wp-json\/wp\/v2\/types\/post"}],"author":[{"embeddable":true,"href":"https:\/\/codexflores.ch\/index.php\/wp-json\/wp\/v2\/users\/1"}],"replies":[{"embeddable":true,"href":"https:\/\/codexflores.ch\/index.php\/wp-json\/wp\/v2\/comments?post=2480"}],"version-history":[{"count":0,"href":"https:\/\/codexflores.ch\/index.php\/wp-json\/wp\/v2\/posts\/2480\/revisions"}],"wp:attachment":[{"href":"https:\/\/codexflores.ch\/index.php\/wp-json\/wp\/v2\/media?parent=2480"}],"wp:term":[{"taxonomy":"category","embeddable":true,"href":"https:\/\/codexflores.ch\/index.php\/wp-json\/wp\/v2\/categories?post=2480"},{"taxonomy":"post_tag","embeddable":true,"href":"https:\/\/codexflores.ch\/index.php\/wp-json\/wp\/v2\/tags?post=2480"}],"curies":[{"name":"wp","href":"https:\/\/api.w.org\/{rel}","templated":true}]}}