{"id":2483,"date":"2015-08-12T05:59:26","date_gmt":"2015-08-12T05:59:26","guid":{"rendered":"https:\/\/codexflores.ch\/index.php\/2015\/08\/12\/bilanz-der-23-sommer-musik-akademie-schloss-hundisburg\/"},"modified":"2015-08-12T05:59:26","modified_gmt":"2015-08-12T05:59:26","slug":"bilanz-der-23-sommer-musik-akademie-schloss-hundisburg","status":"publish","type":"post","link":"https:\/\/codexflores.ch\/index.php\/2015\/08\/12\/bilanz-der-23-sommer-musik-akademie-schloss-hundisburg\/","title":{"rendered":"Bilanz der 23. Sommer Musik Akademie Schloss Hundisburg"},"content":{"rendered":"<p><span style=\"font-family: arial,helvetica,sans-serif; font-size: small;\">12.08.2015 &#8212; Stabwechsel bei der Sommer Musik Akademie Schloss Hundisburg in Sachsen-Anhalt: Der Pianist und Festivalgr\u00fcnder Rolf-Dieter Arens hat die F\u00fchrung des Anlasses an den K\u00fcnstlerischen Leiter Johannes Klumpp abgegeben.<\/span><\/p>\n<p><span style=\"font-family: arial,helvetica,sans-serif; font-size: small;\"><strong>12.08.2015 &#8212; Stabwechsel bei der Sommer Musik Akademie Schloss Hundisburg in Sachsen-Anhalt. Der Pianist und Festivalgr\u00fcnder Rolf-Dieter Arens hat die F\u00fchrung des Anlasses an den K\u00fcnstlerischen Leiter Johannes Klumpp abgegeben.<\/strong><\/span><\/p>\n<p><span style=\"font-family: arial,helvetica,sans-serif; font-size: small;\">\u00a0<\/span><\/p>\n<p><span style=\"font-family: arial,helvetica,sans-serif; font-size: small;\">Arens ist anl\u00e4sslich seines R\u00fccktritts \u00abin Anerkennung der f\u00fcr das Land Sachsen-Anhalt und seine B\u00fcrgerinnen und B\u00fcrger erworbenen besonderen Verdienste\u00bb durch Innenminister Holger Stahl-Knecht die Ehrennadel des Landes verliehen worden.<\/span><\/p>\n<p><span style=\"font-family: arial,helvetica,sans-serif; font-size: small;\">\u00a0<\/span><\/p>\n<p><span style=\"font-family: arial,helvetica,sans-serif; font-size: small;\">Im Rahmen der Akadmie haben heuer an acht Spielst\u00e4tten in Hundisburg, Haldensleben, Althaldensleben und Oschersleben zehn Konzerte stattgefunden, von Kammermusik \u00fcber Symphonik bis hin zu Jazz. Im Akademieorchester Schloss Hundisburg kamen 63 junge Musiker aus \u00fcber 20 Nationen zusammen. W\u00e4hrend wie gew\u00f6hnlich eine Vielzahl aus Polen, Deutschland, Ungarn und Spanien stammte, waren einige L\u00e4nder in diesem Jahr zum allerersten Mal vertreten, darunter Mazedonien, Belgien und Thailand. <em>(cf)<\/em><\/span><\/p>\n","protected":false},"excerpt":{"rendered":"<p><span style=\"font-family: arial,helvetica,sans-serif; font-size: small;\">12.08.2015 &#8212; Stabwechsel bei der Sommer Musik Akademie Schloss Hundisburg in Sachsen-Anhalt: Der Pianist und Festivalgr\u00fcnder Rolf-Dieter Arens hat die F\u00fchrung des Anlasses an den K\u00fcnstlerischen Leiter Johannes Klumpp abgegeben.<\/span><\/p>\n","protected":false},"author":1,"featured_media":0,"comment_status":"open","ping_status":"open","sticky":false,"template":"","format":"standard","meta":{"footnotes":""},"categories":[2],"tags":[],"class_list":["post-2483","post","type-post","status-publish","format-standard","hentry","category-nachrichten","entry"],"_links":{"self":[{"href":"https:\/\/codexflores.ch\/index.php\/wp-json\/wp\/v2\/posts\/2483","targetHints":{"allow":["GET"]}}],"collection":[{"href":"https:\/\/codexflores.ch\/index.php\/wp-json\/wp\/v2\/posts"}],"about":[{"href":"https:\/\/codexflores.ch\/index.php\/wp-json\/wp\/v2\/types\/post"}],"author":[{"embeddable":true,"href":"https:\/\/codexflores.ch\/index.php\/wp-json\/wp\/v2\/users\/1"}],"replies":[{"embeddable":true,"href":"https:\/\/codexflores.ch\/index.php\/wp-json\/wp\/v2\/comments?post=2483"}],"version-history":[{"count":0,"href":"https:\/\/codexflores.ch\/index.php\/wp-json\/wp\/v2\/posts\/2483\/revisions"}],"wp:attachment":[{"href":"https:\/\/codexflores.ch\/index.php\/wp-json\/wp\/v2\/media?parent=2483"}],"wp:term":[{"taxonomy":"category","embeddable":true,"href":"https:\/\/codexflores.ch\/index.php\/wp-json\/wp\/v2\/categories?post=2483"},{"taxonomy":"post_tag","embeddable":true,"href":"https:\/\/codexflores.ch\/index.php\/wp-json\/wp\/v2\/tags?post=2483"}],"curies":[{"name":"wp","href":"https:\/\/api.w.org\/{rel}","templated":true}]}}