{"id":2485,"date":"2015-08-12T06:15:43","date_gmt":"2015-08-12T06:15:43","guid":{"rendered":"https:\/\/codexflores.ch\/index.php\/2015\/08\/12\/auftakt-zur-arosa-music-academy\/"},"modified":"2015-08-12T06:15:43","modified_gmt":"2015-08-12T06:15:43","slug":"auftakt-zur-arosa-music-academy","status":"publish","type":"post","link":"https:\/\/codexflores.ch\/index.php\/2015\/08\/12\/auftakt-zur-arosa-music-academy\/","title":{"rendered":"Auftakt zur Arosa Music Academy"},"content":{"rendered":"<p><span style=\"font-family: arial,helvetica,sans-serif; font-size: small;\">12.08.2015 &#8212; Am kommenden Sonntag wird in Arosa mit einem \u00f6ffentlichen Konzert die erste Woche der Arosa Music Academy er\u00f6ffnet.<\/span><\/p>\n<p>\u00a0<\/p>\n<p><span style=\"font-family: arial,helvetica,sans-serif; font-size: small;\"><strong>12.08.2015 &#8212; Am kommenden Sonntag wird in Arosa mit einem \u00f6ffentlichen Konzert die erste Woche der Arosa Music Academy er\u00f6ffnet.<\/strong><\/span><\/p>\n<p><span style=\"font-family: arial,helvetica,sans-serif; font-size: small;\">\u00a0<\/span><\/p>\n<p><span style=\"font-family: arial,helvetica,sans-serif; font-size: small;\">Unterrichtet werden in Arosa Saxophon und Akkordeon. F\u00fcr ersteres stehen der Grammy-Preistr\u00e4ger TimothyMcAllister (University of Michigan School of Music) und Lars Mlekusch (Konservatorium Wien Privatuniverstit\u00e4t und Z\u00fcrcher Hochschule der K\u00fcnste). Grzegorz Stopa (Wien und Detmold) betreut die Konzertakkordeon-Klasse.<\/span><\/p>\n<p>\u00a0<\/p>\n<p><span style=\"font-family: arial,helvetica,sans-serif; font-size: small;\">Die beiden Schweizer Musiker Ernesto Molinari, Klarinette, und Philippe Racine, Querfl\u00f6te, vervollst\u00e4ndigen die Dozentenliste. Ernesto Molinari ist Professor f\u00fcr Klarinette an der Hochschule der K\u00fcnste Bern und Philippe Racine unterrichtet Querfl\u00f6te an der Z\u00fcrcher Hochschule der K\u00fcnste.<em> (cf)<\/em> <\/span><\/p>\n<p>\u00a0<\/p>\n<p><span style=\"font-family: arial,helvetica,sans-serif; font-size: small;\"><strong>Mehr Infos:<\/strong> <a href=\"http:\/\/www.arosakultur.ch\" target=\"_blank\" rel=\"noopener noreferrer\">www.arosakultur.ch<\/a><\/span><\/p>\n<p>\u00a0<\/p>\n","protected":false},"excerpt":{"rendered":"<p><span style=\"font-family: arial,helvetica,sans-serif; font-size: small;\">12.08.2015 &#8212; Am kommenden Sonntag wird in Arosa mit einem \u00f6ffentlichen Konzert die erste Woche der Arosa Music Academy er\u00f6ffnet.<\/span><\/p>\n","protected":false},"author":1,"featured_media":0,"comment_status":"open","ping_status":"open","sticky":false,"template":"","format":"standard","meta":{"footnotes":""},"categories":[2],"tags":[],"class_list":["post-2485","post","type-post","status-publish","format-standard","hentry","category-nachrichten","entry"],"_links":{"self":[{"href":"https:\/\/codexflores.ch\/index.php\/wp-json\/wp\/v2\/posts\/2485","targetHints":{"allow":["GET"]}}],"collection":[{"href":"https:\/\/codexflores.ch\/index.php\/wp-json\/wp\/v2\/posts"}],"about":[{"href":"https:\/\/codexflores.ch\/index.php\/wp-json\/wp\/v2\/types\/post"}],"author":[{"embeddable":true,"href":"https:\/\/codexflores.ch\/index.php\/wp-json\/wp\/v2\/users\/1"}],"replies":[{"embeddable":true,"href":"https:\/\/codexflores.ch\/index.php\/wp-json\/wp\/v2\/comments?post=2485"}],"version-history":[{"count":0,"href":"https:\/\/codexflores.ch\/index.php\/wp-json\/wp\/v2\/posts\/2485\/revisions"}],"wp:attachment":[{"href":"https:\/\/codexflores.ch\/index.php\/wp-json\/wp\/v2\/media?parent=2485"}],"wp:term":[{"taxonomy":"category","embeddable":true,"href":"https:\/\/codexflores.ch\/index.php\/wp-json\/wp\/v2\/categories?post=2485"},{"taxonomy":"post_tag","embeddable":true,"href":"https:\/\/codexflores.ch\/index.php\/wp-json\/wp\/v2\/tags?post=2485"}],"curies":[{"name":"wp","href":"https:\/\/api.w.org\/{rel}","templated":true}]}}