{"id":2486,"date":"2015-08-12T06:26:31","date_gmt":"2015-08-12T06:26:31","guid":{"rendered":"https:\/\/codexflores.ch\/index.php\/2015\/08\/12\/bilanz-des-festivals-europaeische-kirchenmusik-schwaebisch-gmuend-2015\/"},"modified":"2015-08-12T06:26:31","modified_gmt":"2015-08-12T06:26:31","slug":"bilanz-des-festivals-europaeische-kirchenmusik-schwaebisch-gmuend-2015","status":"publish","type":"post","link":"https:\/\/codexflores.ch\/index.php\/2015\/08\/12\/bilanz-des-festivals-europaeische-kirchenmusik-schwaebisch-gmuend-2015\/","title":{"rendered":"Bilanz des Festivals Europ\u00e4ische Kirchenmusik Schw\u00e4bisch Gm\u00fcnd 2015"},"content":{"rendered":"<p><span style=\"font-family: arial,helvetica,sans-serif; font-size: small;\">12.08.2015 &#8212; Rund 13&#8217;000 Eintritte z\u00e4hlte das Festival Europ\u00e4ische Kirchenmusik Schw\u00e4bisch Gm\u00fcnd 2015. Sieben Konzerte waren ausverkauft. Die Auslastung lag bei 87 Prozent.<\/span><\/p>\n<p>\u00a0<\/p>\n<p><span style=\"font-family: arial,helvetica,sans-serif; font-size: small;\"><strong>12.08.2015 &#8212; Rund 13&#8217;000 Eintritte z\u00e4hlte das Festival Europ\u00e4ische Kirchenmusik Schw\u00e4bisch Gm\u00fcnd 2015. Sieben Konzerte waren ausverkauft. Die Auslastung lag bei 87 Prozent.<\/strong><\/span><\/p>\n<p>\u00a0<\/p>\n<p><span style=\"font-family: arial,helvetica,sans-serif; font-size: small;\">81 Prozent der Karten seien bereits im Vorverkauf erworben worden, schreiben die Veranstalter. Neben den Konzerten hat das Festival auch einen Meisterkurs Gesang und einen Internationalen Wettbewerb f\u00fcr Orgelimprovisation <\/span><span style=\"font-family: arial,helvetica,sans-serif; font-size: small;\">veranstaltet<\/span><span style=\"font-family: arial,helvetica,sans-serif; font-size: small;\">.<\/span><\/p>\n<p>\u00a0<\/p>\n<p><span style=\"font-family: arial,helvetica,sans-serif; font-size: small;\">Der S\u00fcdwestrundfunk hat sieben Konzerte f\u00fcr das H\u00f6rfunkprogramm SWR2 aufgezeichnet. Beethovens <em>Missa solemnis<\/em> mit dem Bachchor Mainz im Er\u00f6ffnungskonzert ist vom Saarl\u00e4ndischen Rundfunk aufgezeichnet worden. Noch bis Anfang September werden die Mitschnitte ausgestrahlt. Alle Sendetermine werden im Internet unter <a href=\"http:\/\/www.kirchenmusik-festival.de\/\">www.kirchenmusik-festival.de<\/a> und in den lokalen Tageszeitungen ver\u00f6ffentlicht.<\/span><\/p>\n<p>\u00a0<\/p>\n<p><span style=\"font-family: arial,helvetica,sans-serif; font-size: small;\">Das Festival Europ\u00e4ische Kirchenmusik wird veranstaltet vom Kulturb\u00fcro der Stadt Schw\u00e4bisch Gm\u00fcnd. Der Veranstaltungsetat betr\u00e4gt 400&#8217;000 Euro. <em>(cf)<\/em><\/span><\/p>\n<p>\u00a0<\/p>\n","protected":false},"excerpt":{"rendered":"<p><span style=\"font-family: arial,helvetica,sans-serif; font-size: small;\">12.08.2015 &#8212; Rund 13&#8217;000 Eintritte z\u00e4hlte das Festival Europ\u00e4ische Kirchenmusik Schw\u00e4bisch Gm\u00fcnd 2015. Sieben Konzerte waren ausverkauft. Die Auslastung lag bei 87 Prozent.<\/span><\/p>\n","protected":false},"author":1,"featured_media":0,"comment_status":"open","ping_status":"open","sticky":false,"template":"","format":"standard","meta":{"footnotes":""},"categories":[2],"tags":[],"class_list":["post-2486","post","type-post","status-publish","format-standard","hentry","category-nachrichten","entry"],"_links":{"self":[{"href":"https:\/\/codexflores.ch\/index.php\/wp-json\/wp\/v2\/posts\/2486","targetHints":{"allow":["GET"]}}],"collection":[{"href":"https:\/\/codexflores.ch\/index.php\/wp-json\/wp\/v2\/posts"}],"about":[{"href":"https:\/\/codexflores.ch\/index.php\/wp-json\/wp\/v2\/types\/post"}],"author":[{"embeddable":true,"href":"https:\/\/codexflores.ch\/index.php\/wp-json\/wp\/v2\/users\/1"}],"replies":[{"embeddable":true,"href":"https:\/\/codexflores.ch\/index.php\/wp-json\/wp\/v2\/comments?post=2486"}],"version-history":[{"count":0,"href":"https:\/\/codexflores.ch\/index.php\/wp-json\/wp\/v2\/posts\/2486\/revisions"}],"wp:attachment":[{"href":"https:\/\/codexflores.ch\/index.php\/wp-json\/wp\/v2\/media?parent=2486"}],"wp:term":[{"taxonomy":"category","embeddable":true,"href":"https:\/\/codexflores.ch\/index.php\/wp-json\/wp\/v2\/categories?post=2486"},{"taxonomy":"post_tag","embeddable":true,"href":"https:\/\/codexflores.ch\/index.php\/wp-json\/wp\/v2\/tags?post=2486"}],"curies":[{"name":"wp","href":"https:\/\/api.w.org\/{rel}","templated":true}]}}