{"id":2491,"date":"2015-08-17T05:43:38","date_gmt":"2015-08-17T05:43:38","guid":{"rendered":"https:\/\/codexflores.ch\/index.php\/2015\/08\/17\/wenig-schaeden-nach-brand-im-schoenberg-center\/"},"modified":"2015-08-17T05:43:38","modified_gmt":"2015-08-17T05:43:38","slug":"wenig-schaeden-nach-brand-im-schoenberg-center","status":"publish","type":"post","link":"https:\/\/codexflores.ch\/index.php\/2015\/08\/17\/wenig-schaeden-nach-brand-im-schoenberg-center\/","title":{"rendered":"Wenig Sch\u00e4den nach Brand im Sch\u00f6nberg Center"},"content":{"rendered":"<p><span style=\"font-family: arial,helvetica,sans-serif; font-size: small;\">17.08.2015 &#8212; Ein Brand im Geb\u00e4ude des Wiener Arnold Sch\u00f6nberg Centers ist vergleichsweise glimpflich verlaufen: Der Nachlass des Komponisten konnte in Sicherheit gebracht werden.<\/span><\/p>\n<p><strong><span style=\"font-family: arial,helvetica,sans-serif; font-size: small;\">17.08.2015 &#8212; Ein Brand im Geb\u00e4ude des Wiener Arnold Sch\u00f6nberg Centers ist vergleichsweise glimpflich verlaufen: Der Nachlass des Komponisten konnte in Sicherheit gebracht werden.<\/span><\/strong><\/p>\n<p>\u00a0<\/p>\n<p><span style=\"font-family: arial,helvetica,sans-serif; font-size: small;\">Wie das\u00a0Arnold Sch\u00f6nberg Center schreibt, wird es nach einem Feuer am Dach des Palais Fanto seine T\u00fcren bis auf weiteres geschlossen lassen. Das Center befindet sich im 1. Stock des Geb\u00e4udes. Es seien keine Personen zu Schaden gekommen, und der Nachlass von Arnold Sch\u00f6nberg sowie der komplette Bibliotheksbestand h\u00e4tten mit Hilfe von Mitarbeitern der hs art service Austria in Sicherheit gebracht werden k\u00f6nnen. <\/span><\/p>\n<p>\u00a0<\/p>\n<p><span style=\"font-family: arial,helvetica,sans-serif; font-size: small;\">Einsickerndes L\u00f6schwasser habe Sachsch\u00e4den an der Decke und den W\u00e4nden der Bibliothek sowie im Foyer erzeugt. Das Center werde in den kommenden Tagen zwar wieder \u00f6ffnen, die Nutzung der Bibliothek sei aber bis auf weiteres nicht m\u00f6glich. <em>(cf)<\/em><\/span><\/p>\n","protected":false},"excerpt":{"rendered":"<p><span style=\"font-family: arial,helvetica,sans-serif; font-size: small;\">17.08.2015 &#8212; Ein Brand im Geb\u00e4ude des Wiener Arnold Sch\u00f6nberg Centers ist vergleichsweise glimpflich verlaufen: Der Nachlass des Komponisten konnte in Sicherheit gebracht werden.<\/span><\/p>\n","protected":false},"author":1,"featured_media":0,"comment_status":"open","ping_status":"open","sticky":false,"template":"","format":"standard","meta":{"footnotes":""},"categories":[2],"tags":[],"class_list":["post-2491","post","type-post","status-publish","format-standard","hentry","category-nachrichten","entry"],"_links":{"self":[{"href":"https:\/\/codexflores.ch\/index.php\/wp-json\/wp\/v2\/posts\/2491","targetHints":{"allow":["GET"]}}],"collection":[{"href":"https:\/\/codexflores.ch\/index.php\/wp-json\/wp\/v2\/posts"}],"about":[{"href":"https:\/\/codexflores.ch\/index.php\/wp-json\/wp\/v2\/types\/post"}],"author":[{"embeddable":true,"href":"https:\/\/codexflores.ch\/index.php\/wp-json\/wp\/v2\/users\/1"}],"replies":[{"embeddable":true,"href":"https:\/\/codexflores.ch\/index.php\/wp-json\/wp\/v2\/comments?post=2491"}],"version-history":[{"count":0,"href":"https:\/\/codexflores.ch\/index.php\/wp-json\/wp\/v2\/posts\/2491\/revisions"}],"wp:attachment":[{"href":"https:\/\/codexflores.ch\/index.php\/wp-json\/wp\/v2\/media?parent=2491"}],"wp:term":[{"taxonomy":"category","embeddable":true,"href":"https:\/\/codexflores.ch\/index.php\/wp-json\/wp\/v2\/categories?post=2491"},{"taxonomy":"post_tag","embeddable":true,"href":"https:\/\/codexflores.ch\/index.php\/wp-json\/wp\/v2\/tags?post=2491"}],"curies":[{"name":"wp","href":"https:\/\/api.w.org\/{rel}","templated":true}]}}