{"id":2492,"date":"2015-08-17T06:02:17","date_gmt":"2015-08-17T06:02:17","guid":{"rendered":"https:\/\/codexflores.ch\/index.php\/2015\/08\/17\/locarno-abschluss-mit-film-ueber-geigenlehrer\/"},"modified":"2015-08-17T06:02:17","modified_gmt":"2015-08-17T06:02:17","slug":"locarno-abschluss-mit-film-ueber-geigenlehrer","status":"publish","type":"post","link":"https:\/\/codexflores.ch\/index.php\/2015\/08\/17\/locarno-abschluss-mit-film-ueber-geigenlehrer\/","title":{"rendered":"Locarno-Abschluss mit Film \u00fcber Geigenlehrer"},"content":{"rendered":"<p><span style=\"font-family: arial,helvetica,sans-serif; font-size: small;\">17.08.2015 &#8212; Das Filmfestival von Locarno ist mit einem bemerkenswerten brasilianischen Musikfilm zu Ende gegangen. Sergio Machados \u00abThe Violin Teacher\u00bb erz\u00e4hlte auf der Piazza Grande die Geschichte eines \u00fcberaus talentierten Violinisten, der vom Symphonieorchester von S\u00e3o Paulo abgelehnt wird.<\/span><\/p>\n<p><span style=\"font-family: arial,helvetica,sans-serif; font-size: small;\"><strong>17.08.2015 &#8212; Das Filmfestival von Locarno ist mit einem bemerkenswerten brasilianischen Musikfilm zu Ende gegangen. Sergio Machados \u00abThe Violin Teacher\u00bb erz\u00e4hlte auf der Piazza Grande die Geschichte eines \u00fcberaus talentierten Violinisten, der vom Symphonieorchester von S\u00e3o Paulo abgelehnt wird.<\/strong><\/span><\/p>\n<p><span style=\"font-family: arial,helvetica,sans-serif; font-size: small;\">\u00a0<\/span><\/p>\n<p><span style=\"font-family: arial,helvetica,sans-serif; font-size: small;\">Aus dieser Niederlage heraus w\u00e4chst in dem Musiker der Wunsch nach Ver\u00e4nderung, und so versucht er seine Liebe f\u00fcr die Musik aber auch seine Disziplin und seine Beharrlichkeit an die Sch\u00fcler einer \u00f6ffentlichen Schule weiterzugeben. Dies tut er in Heliopolis (Sonnenstadt), einem Ort, \u00abwo klassische Musik und die brasilianischen Favelas aufeinandertreffen\u00bb.<\/span><\/p>\n<p><span style=\"font-family: arial,helvetica,sans-serif; font-size: small;\">\u00a0<\/span><\/p>\n<p><span style=\"font-family: arial,helvetica,sans-serif; font-size: small;\">Der 1968 geborene brasilianische Regisseur Sergio Machado machte international zuletzt 2005 am Festival von Cannes mit dem Film <span style=\"font-family: arial,helvetica,sans-serif; font-size: small;\">\u00ab<\/span>Cidade Baixa<span style=\"font-family: arial,helvetica,sans-serif; font-size: small;\">\u00bb<\/span> auf sich aufmerksam. Ob und wann\u00a0\u00abThe Violin Teacher\u00bb in die Schweizer Kinos kommt, ist laut dem Distributor Xenix noch offen. <em>(cf)<\/em><\/span><\/p>\n<p><span style=\"font-family: arial,helvetica,sans-serif; font-size: small;\">\u00a0<\/span><\/p>\n","protected":false},"excerpt":{"rendered":"<p><span style=\"font-family: arial,helvetica,sans-serif; font-size: small;\">17.08.2015 &#8212; Das Filmfestival von Locarno ist mit einem bemerkenswerten brasilianischen Musikfilm zu Ende gegangen. Sergio Machados \u00abThe Violin Teacher\u00bb erz\u00e4hlte auf der Piazza Grande die Geschichte eines \u00fcberaus talentierten Violinisten, der vom Symphonieorchester von S\u00e3o Paulo abgelehnt wird.<\/span><\/p>\n","protected":false},"author":1,"featured_media":0,"comment_status":"open","ping_status":"open","sticky":false,"template":"","format":"standard","meta":{"footnotes":""},"categories":[2],"tags":[],"class_list":["post-2492","post","type-post","status-publish","format-standard","hentry","category-nachrichten","entry"],"_links":{"self":[{"href":"https:\/\/codexflores.ch\/index.php\/wp-json\/wp\/v2\/posts\/2492","targetHints":{"allow":["GET"]}}],"collection":[{"href":"https:\/\/codexflores.ch\/index.php\/wp-json\/wp\/v2\/posts"}],"about":[{"href":"https:\/\/codexflores.ch\/index.php\/wp-json\/wp\/v2\/types\/post"}],"author":[{"embeddable":true,"href":"https:\/\/codexflores.ch\/index.php\/wp-json\/wp\/v2\/users\/1"}],"replies":[{"embeddable":true,"href":"https:\/\/codexflores.ch\/index.php\/wp-json\/wp\/v2\/comments?post=2492"}],"version-history":[{"count":0,"href":"https:\/\/codexflores.ch\/index.php\/wp-json\/wp\/v2\/posts\/2492\/revisions"}],"wp:attachment":[{"href":"https:\/\/codexflores.ch\/index.php\/wp-json\/wp\/v2\/media?parent=2492"}],"wp:term":[{"taxonomy":"category","embeddable":true,"href":"https:\/\/codexflores.ch\/index.php\/wp-json\/wp\/v2\/categories?post=2492"},{"taxonomy":"post_tag","embeddable":true,"href":"https:\/\/codexflores.ch\/index.php\/wp-json\/wp\/v2\/tags?post=2492"}],"curies":[{"name":"wp","href":"https:\/\/api.w.org\/{rel}","templated":true}]}}