{"id":2497,"date":"2015-08-20T05:31:09","date_gmt":"2015-08-20T05:31:09","guid":{"rendered":"https:\/\/codexflores.ch\/index.php\/2015\/08\/20\/5-internationaler-kongress-fuer-kirchenmusik\/"},"modified":"2015-08-20T05:31:09","modified_gmt":"2015-08-20T05:31:09","slug":"5-internationaler-kongress-fuer-kirchenmusik","status":"publish","type":"post","link":"https:\/\/codexflores.ch\/index.php\/2015\/08\/20\/5-internationaler-kongress-fuer-kirchenmusik\/","title":{"rendered":"5. Internationaler Kongress f\u00fcr Kirchenmusik"},"content":{"rendered":"<p><span style=\"font-family: arial,helvetica,sans-serif; font-size: small;\">20.08.2015 &#8212; In Bern findet der 5. Internationale Kirchenkongress statt. Das Treffen, das seit 1952 durchgef\u00fchrt wird, beleuchtet das aktuelle Verh\u00e4ltnis von Kirche und Musik\u00a0\u2013 mit Konzerten, Workshops, Vortr\u00e4gen, Diskussionen und Gottesdiensten.<\/span><\/p>\n<p><span style=\"font-family: arial,helvetica,sans-serif; font-size: small;\"><strong>20.08.2015 &#8212; In Bern findet der 5. Internationale Kirchenkongress statt. Das Treffen, das seit 1952 durchgef\u00fchrt wird, beleuchtet das aktuelle Verh\u00e4ltnis von Kirche und Musik\u00a0\u2013 mit Konzerten, Workshops, Vortr\u00e4gen, Diskussionen und Gottesdiensten.<\/strong><\/span><\/p>\n<p><span style=\"font-family: arial,helvetica,sans-serif; font-size: small;\">\u00a0<\/span><\/p>\n<p><span style=\"font-family: arial,helvetica,sans-serif; font-size: small;\">Der Kongress wird nur rund alle zehn Jahre durchgef\u00fchrt. Im Rahmen der f\u00fcnften Auflage sollen Konzerte, Gottesdienste zu jeder Tageszeit und Musik von Jugendch\u00f6ren bis zu neuer Orgelmusik, vom Gregorianischen Gesang bis zur Elektronik Theorie und Praxis verbinden.<\/span><\/p>\n<p><span style=\"font-family: arial,helvetica,sans-serif; font-size: small;\">\u00a0<\/span><\/p>\n<p><span style=\"font-family: arial,helvetica,sans-serif; font-size: small;\">Das Kongresszentrum findet sich in der Krypta der Christkatholischen Kirche St. Peter und Paul. Es wird gepr\u00e4gt von einer\u00a0 Klanginstallation und einer Notenausstellung. \u00d6ffnungszeiten: 9\u201310 Uhr \/ 12\u201314 Uhr \/ 17\u201319.30 Uhr (Rathausgasse 2, 3011 Bern). <em>(cf)<\/em> <\/span><\/p>\n<p><span style=\"font-family: arial,helvetica,sans-serif; font-size: small;\"><em>\u00a0<\/em><\/span><\/p>\n<p><span style=\"font-family: arial,helvetica,sans-serif; font-size: small;\"><strong>Mehr Infos: <\/strong><a href=\"http:\/\/www.kirchenmusikkongress.ch\">www.kirchenmusikkongress.ch<\/a><\/span><em><br \/><\/em><\/p>\n<p>\u00a0<\/p>\n","protected":false},"excerpt":{"rendered":"<p><span style=\"font-family: arial,helvetica,sans-serif; font-size: small;\">20.08.2015 &#8212; In Bern findet der 5. Internationale Kirchenkongress statt. Das Treffen, das seit 1952 durchgef\u00fchrt wird, beleuchtet das aktuelle Verh\u00e4ltnis von Kirche und Musik\u00a0\u2013 mit Konzerten, Workshops, Vortr\u00e4gen, Diskussionen und Gottesdiensten.<\/span><\/p>\n","protected":false},"author":1,"featured_media":0,"comment_status":"open","ping_status":"open","sticky":false,"template":"","format":"standard","meta":{"footnotes":""},"categories":[2],"tags":[],"class_list":["post-2497","post","type-post","status-publish","format-standard","hentry","category-nachrichten","entry"],"_links":{"self":[{"href":"https:\/\/codexflores.ch\/index.php\/wp-json\/wp\/v2\/posts\/2497","targetHints":{"allow":["GET"]}}],"collection":[{"href":"https:\/\/codexflores.ch\/index.php\/wp-json\/wp\/v2\/posts"}],"about":[{"href":"https:\/\/codexflores.ch\/index.php\/wp-json\/wp\/v2\/types\/post"}],"author":[{"embeddable":true,"href":"https:\/\/codexflores.ch\/index.php\/wp-json\/wp\/v2\/users\/1"}],"replies":[{"embeddable":true,"href":"https:\/\/codexflores.ch\/index.php\/wp-json\/wp\/v2\/comments?post=2497"}],"version-history":[{"count":0,"href":"https:\/\/codexflores.ch\/index.php\/wp-json\/wp\/v2\/posts\/2497\/revisions"}],"wp:attachment":[{"href":"https:\/\/codexflores.ch\/index.php\/wp-json\/wp\/v2\/media?parent=2497"}],"wp:term":[{"taxonomy":"category","embeddable":true,"href":"https:\/\/codexflores.ch\/index.php\/wp-json\/wp\/v2\/categories?post=2497"},{"taxonomy":"post_tag","embeddable":true,"href":"https:\/\/codexflores.ch\/index.php\/wp-json\/wp\/v2\/tags?post=2497"}],"curies":[{"name":"wp","href":"https:\/\/api.w.org\/{rel}","templated":true}]}}