{"id":2498,"date":"2015-08-20T05:50:31","date_gmt":"2015-08-20T05:50:31","guid":{"rendered":"https:\/\/codexflores.ch\/index.php\/2015\/08\/20\/urauffuehrung-eines-mani-matter-madrigalspiels\/"},"modified":"2015-08-20T05:50:31","modified_gmt":"2015-08-20T05:50:31","slug":"urauffuehrung-eines-mani-matter-madrigalspiels","status":"publish","type":"post","link":"https:\/\/codexflores.ch\/index.php\/2015\/08\/20\/urauffuehrung-eines-mani-matter-madrigalspiels\/","title":{"rendered":"Urauff\u00fchrung eines Mani-Matter-Madrigalspiels"},"content":{"rendered":"<p><span style=\"font-family: arial,helvetica,sans-serif; font-size: small;\">20.08.2015 &#8212; Der in den 1970er-Jahren fr\u00fch verstorbene Berner Chansonnier Mani Matter kommt im Rahmen von Lucerne Festival zu h\u00f6heren k\u00fcnstlerischen Ehren. Am Vierwaldst\u00e4ttersee kommt ein Madrigalspiel nach einem Libretto Matters des Composers in residence J\u00fcrg Wyttenbach zur Urauff\u00fchrung.<\/span><\/p>\n<p><span style=\"font-family: arial,helvetica,sans-serif; font-size: small;\"><strong><span id=\"ctl00_cphMain_repMusicalPieces_ctl06_lblAdditionalInfo\">20.08.2015 &#8212; Der in den 1970er-Jahren fr\u00fch verstorbene Berner Chansonnier Mani Matter kommt im Rahmen von Lucerne Festival zu h\u00f6heren k\u00fcnstlerischen Ehren. Am Vierwaldst\u00e4ttersee kommt ein Madrigalspiel nach einem Libretto Matters des Composers in residence J\u00fcrg Wyttenbach zur Urauff\u00fchrung.<\/span><\/strong><\/span><\/p>\n<p>\u00a0<\/p>\n<p><span style=\"font-family: arial,helvetica,sans-serif; font-size: small;\">\u00dcber Grenzen \u2013 der K\u00fcnste, der Gattungen, der Stilh\u00f6he \u2013 habe sich J\u00fcrg Wyttenbach schon immer hinweggesetzt, schreibt Lucerne Festival. Das zeige auch der Auftakt seiner Luzerner Werkschau als \u00abcomposer-in-residence\u00bb: Instrumentalisten verwandelten sich in S\u00e4nger und Schauspieler, Clownerie treffe auf Performance, vokale Experimentierfreude auf hintergr\u00fcndige Chansons.<\/span><\/p>\n<p>\u00a0<\/p>\n<p><span id=\"ctl00_cphMain_repMusicalPieces_ctl06_lblPieceName\" style=\"font-family: arial,helvetica,sans-serif; font-size: small;\">Vor seinem Unfalltod im Jahr 1972 hat laut Mark Sattler im Blog von Lucerne Festival Mani Matter das Libretto f\u00fcr eine Anti-Oper vollendet, die er zusammen mit seinem Freund J\u00fcrg Wyttenbach, ausheckte \u2013 und die ausgerechnet den Titel \u00abDer Unfall\u00bb trug. Wyttenbach hat das Libretto im letzten Jahr aus der Schublade geholt und nun die Komposition abgeschlossen. Uraufgef\u00fchrt wird sie am 21. und 22. August im Luzerner Theater. <em>(cf)<\/em><\/span><\/p>\n","protected":false},"excerpt":{"rendered":"<p><span style=\"font-family: arial,helvetica,sans-serif; font-size: small;\">20.08.2015 &#8212; Der in den 1970er-Jahren fr\u00fch verstorbene Berner Chansonnier Mani Matter kommt im Rahmen von Lucerne Festival zu h\u00f6heren k\u00fcnstlerischen Ehren. Am Vierwaldst\u00e4ttersee kommt ein Madrigalspiel nach einem Libretto Matters des Composers in residence J\u00fcrg Wyttenbach zur Urauff\u00fchrung.<\/span><\/p>\n","protected":false},"author":1,"featured_media":0,"comment_status":"open","ping_status":"open","sticky":false,"template":"","format":"standard","meta":{"footnotes":""},"categories":[2],"tags":[],"class_list":["post-2498","post","type-post","status-publish","format-standard","hentry","category-nachrichten","entry"],"_links":{"self":[{"href":"https:\/\/codexflores.ch\/index.php\/wp-json\/wp\/v2\/posts\/2498","targetHints":{"allow":["GET"]}}],"collection":[{"href":"https:\/\/codexflores.ch\/index.php\/wp-json\/wp\/v2\/posts"}],"about":[{"href":"https:\/\/codexflores.ch\/index.php\/wp-json\/wp\/v2\/types\/post"}],"author":[{"embeddable":true,"href":"https:\/\/codexflores.ch\/index.php\/wp-json\/wp\/v2\/users\/1"}],"replies":[{"embeddable":true,"href":"https:\/\/codexflores.ch\/index.php\/wp-json\/wp\/v2\/comments?post=2498"}],"version-history":[{"count":0,"href":"https:\/\/codexflores.ch\/index.php\/wp-json\/wp\/v2\/posts\/2498\/revisions"}],"wp:attachment":[{"href":"https:\/\/codexflores.ch\/index.php\/wp-json\/wp\/v2\/media?parent=2498"}],"wp:term":[{"taxonomy":"category","embeddable":true,"href":"https:\/\/codexflores.ch\/index.php\/wp-json\/wp\/v2\/categories?post=2498"},{"taxonomy":"post_tag","embeddable":true,"href":"https:\/\/codexflores.ch\/index.php\/wp-json\/wp\/v2\/tags?post=2498"}],"curies":[{"name":"wp","href":"https:\/\/api.w.org\/{rel}","templated":true}]}}