{"id":2500,"date":"2015-08-21T05:56:11","date_gmt":"2015-08-21T05:56:11","guid":{"rendered":"https:\/\/codexflores.ch\/index.php\/2015\/08\/21\/rueckbau-der-thueringer-musikinfrastruktur\/"},"modified":"2015-08-21T05:56:11","modified_gmt":"2015-08-21T05:56:11","slug":"rueckbau-der-thueringer-musikinfrastruktur","status":"publish","type":"post","link":"https:\/\/codexflores.ch\/index.php\/2015\/08\/21\/rueckbau-der-thueringer-musikinfrastruktur\/","title":{"rendered":"R\u00fcckbau der Th\u00fcringer Musikinfrastruktur"},"content":{"rendered":"<p><span style=\"font-family: arial,helvetica,sans-serif; font-size: small;\">21.08.2015 &#8212; Das deutsche Bundesland Th\u00fcringen will die Opernsparte in Weimar aufgeben und Orchester fusionieren oder gleich ganz aufl\u00f6sen. Die Deutsche Orchestervereinigung (DOV) ist emp\u00f6rt.<\/span><\/p>\n<p><span style=\"font-family: arial,helvetica,sans-serif; font-size: small;\"><strong>21.08.2015 &#8212; Das deutsche Bundesland Th\u00fcringen will die Opernsparte in Weimar aufgeben und Orchester fusionieren oder gleich ganz aufl\u00f6sen. Die Deutsche Orchestervereinigung (DOV) ist emp\u00f6rt.<\/strong><\/span><\/p>\n<p><span style=\"font-family: arial,helvetica,sans-serif; font-size: small;\">\u00a0<\/span><\/p>\n<p><span style=\"font-family: arial,helvetica,sans-serif; font-size: small;\">Die DOV droht \u00abmassiven Widerstand an gegen die \u00f6ffentlich gewordenen Abbaupl\u00e4ne der Th\u00fcringer Staatskanzlei f\u00fcr die Orchester und Theater im Freistaat\u00bb. Medienberichten zufolge sollen unter anderem das Deutsche Nationaltheater Weimar die Opernsparte aufgeben, die Landeskapelle Eisenach aufgel\u00f6st und die Th\u00fcringen Philharmonie Gotha mit dem Orchester in Erfurt fusioniert und verkleinert werden, schreibt die Vereinigung in einer Medienmitteilung.<\/span><\/p>\n<p><span style=\"font-family: arial,helvetica,sans-serif; font-size: small;\">\u00a0<\/span><\/p>\n<p><span style=\"font-family: arial,helvetica,sans-serif; font-size: small;\">Die aktuellen Abbau- und Fusionspl\u00e4ne von Minister Benjamin-Immanuel Hoff seien inakzeptabel, erkl\u00e4rt DOV-Gesch\u00e4ftsf\u00fchrer Gerald Mertens. Die Art und Weise, wie mit den Th\u00fcringer K\u00fcnstlerinnen und K\u00fcnstlern und ihren Verb\u00e4nden umgegangen werde, sei unw\u00fcrdig.<\/span><\/p>\n<p><span style=\"font-family: arial,helvetica,sans-serif; font-size: small;\">\u00a0<\/span><\/p>\n<p><span style=\"font-family: arial,helvetica,sans-serif; font-size: small;\">Die DOV hatte laut eigenen Angaben der Th\u00fcringer Staatskanzlei einen Dialog zur Lage und zur Zukunft der Orchester und Theater angeboten. Nun werde er als Berufsverband vor vollendete Tatsachen gesetzt.\u00a0 In den vergangenen 25 Jahren wurden laut DOV in Th\u00fcringen von ehemals \u00fcber 1000 Musikerstellen bereits \u00fcber 400 abgebaut.<\/span><\/p>\n<p><span style=\"font-family: arial,helvetica,sans-serif; font-size: small;\">\u00a0<\/span><\/p>\n<p><span style=\"font-family: arial,helvetica,sans-serif; font-size: small;\">Das n\u00f6rdlich von Bayern gelegene Th\u00fcringen ist eines der kleineren\u00a0 Bundesl\u00e4nder Deutschlands und war fr\u00fcher Teil der DDR. Zu ihm geh\u00f6ren kulturtr\u00e4chtige St\u00e4dte wie Erfurt, Jena,\u00a0Weimar, Gotha, Eisenach, Rudolstadt oder Meiningen. <em>(cf)<\/em><\/span><\/p>\n<p>\u00a0<\/p>\n","protected":false},"excerpt":{"rendered":"<p><span style=\"font-family: arial,helvetica,sans-serif; font-size: small;\">21.08.2015 &#8212; Das deutsche Bundesland Th\u00fcringen will die Opernsparte in Weimar aufgeben und Orchester fusionieren oder gleich ganz aufl\u00f6sen. Die Deutsche Orchestervereinigung (DOV) ist emp\u00f6rt.<\/span><\/p>\n","protected":false},"author":1,"featured_media":0,"comment_status":"open","ping_status":"open","sticky":false,"template":"","format":"standard","meta":{"footnotes":""},"categories":[2],"tags":[],"class_list":["post-2500","post","type-post","status-publish","format-standard","hentry","category-nachrichten","entry"],"_links":{"self":[{"href":"https:\/\/codexflores.ch\/index.php\/wp-json\/wp\/v2\/posts\/2500","targetHints":{"allow":["GET"]}}],"collection":[{"href":"https:\/\/codexflores.ch\/index.php\/wp-json\/wp\/v2\/posts"}],"about":[{"href":"https:\/\/codexflores.ch\/index.php\/wp-json\/wp\/v2\/types\/post"}],"author":[{"embeddable":true,"href":"https:\/\/codexflores.ch\/index.php\/wp-json\/wp\/v2\/users\/1"}],"replies":[{"embeddable":true,"href":"https:\/\/codexflores.ch\/index.php\/wp-json\/wp\/v2\/comments?post=2500"}],"version-history":[{"count":0,"href":"https:\/\/codexflores.ch\/index.php\/wp-json\/wp\/v2\/posts\/2500\/revisions"}],"wp:attachment":[{"href":"https:\/\/codexflores.ch\/index.php\/wp-json\/wp\/v2\/media?parent=2500"}],"wp:term":[{"taxonomy":"category","embeddable":true,"href":"https:\/\/codexflores.ch\/index.php\/wp-json\/wp\/v2\/categories?post=2500"},{"taxonomy":"post_tag","embeddable":true,"href":"https:\/\/codexflores.ch\/index.php\/wp-json\/wp\/v2\/tags?post=2500"}],"curies":[{"name":"wp","href":"https:\/\/api.w.org\/{rel}","templated":true}]}}