{"id":2501,"date":"2015-08-24T05:43:32","date_gmt":"2015-08-24T05:43:32","guid":{"rendered":"https:\/\/codexflores.ch\/index.php\/2015\/08\/24\/teutschbein-kandidat-fuer-biller-nachfolge-in-leipzig\/"},"modified":"2015-08-24T05:43:32","modified_gmt":"2015-08-24T05:43:32","slug":"teutschbein-kandidat-fuer-biller-nachfolge-in-leipzig","status":"publish","type":"post","link":"https:\/\/codexflores.ch\/index.php\/2015\/08\/24\/teutschbein-kandidat-fuer-biller-nachfolge-in-leipzig\/","title":{"rendered":"Teutschbein Kandidat f\u00fcr Biller-Nachfolge in Leipzig"},"content":{"rendered":"<p><span style=\"font-family: arial,helvetica,sans-serif; font-size: small;\">24.08.2015 &#8212; Der 1971 geborene Markus Teutschbein, der Leiter der Knabenkantorei Basel, ist einer der vier offiziellen Kandidaten als m\u00f6gliche Nachfolger f\u00fcr Georg Christoph Biller als Thomaskantor in Leipzig.<\/span><\/p>\n<p><span style=\"font-family: arial,helvetica,sans-serif; font-size: small;\"><strong>24.08.2015 &#8212; Der 1971 geborene Markus Teutschbein, der Leiter der Knabenkantorei Basel, ist einer der vier offiziellen Kandidaten als m\u00f6gliche Nachfolger f\u00fcr Georg Christoph Biller als Thomaskantor in Leipzig.<\/strong><\/span><\/p>\n<p><span style=\"font-family: arial,helvetica,sans-serif; font-size: small;\">\u00a0<\/span><\/p>\n<p><span style=\"font-family: arial,helvetica,sans-serif; font-size: small;\">Neben Teutschbein wurden in Leipzig drei weitere Pers\u00f6nlichkeiten in die engere Wahl aufgenommen: Clemens Fl\u00e4mig, Chordirektor des Stadtsingechor zu Halle, der Rostocker Kirchenmusikdirektor Markus Johannes Langer, und Matthias Jung, der Leiter des S\u00e4chsischen Vocalensembles und des Knabenchors Dresden. Insgesamt gab es nach Angaben der Stadt 41 Bewerber. Zur Zeit leitet nach dem R\u00fccktritt Billers aus gesundheitlichen Gr\u00fcnden Gotthold Schwarz den Chor ad interim.<\/span><\/p>\n<p><span style=\"font-family: arial,helvetica,sans-serif; font-size: small;\">\u00a0<\/span><\/p>\n<p><span style=\"font-family: arial,helvetica,sans-serif; font-size: small;\">Teutschbein ist geb\u00fcrt\u00eeger Leipziger und hat an den Musikhochschulen in Rostock, Stuttgart, Weimar neben Chor-und Orchesterleitung auch Cello studiert. Er leitet neben der Knabenkantorei Basel auch den Orchesterverein Arlesheim.<\/span><\/p>\n<p><span style=\"font-family: arial,helvetica,sans-serif; font-size: small;\">\u00a0<\/span><\/p>\n<p><span style=\"font-family: arial,helvetica,sans-serif; font-size: small;\">Die vier Kandidaten werden mit den Thomanern in Probewochen geistliche Werke f\u00fcr die Motetten und eine Bachkantate einstudieren und auff\u00fchren. Der definitive Entscheid \u00fcber die Biller-Nachfolge soll im ersten Halbjahr 2016 gef\u00e4llt werden. <em>(cf)<\/em><\/span><\/p>\n","protected":false},"excerpt":{"rendered":"<p><span style=\"font-family: arial,helvetica,sans-serif; font-size: small;\">24.08.2015 &#8212; Der 1971 geborene Markus Teutschbein, der Leiter der Knabenkantorei Basel, ist einer der vier offiziellen Kandidaten als m\u00f6gliche Nachfolger f\u00fcr Georg Christoph Biller als Thomaskantor in Leipzig.<\/span><\/p>\n","protected":false},"author":1,"featured_media":0,"comment_status":"open","ping_status":"open","sticky":false,"template":"","format":"standard","meta":{"footnotes":""},"categories":[2],"tags":[],"class_list":["post-2501","post","type-post","status-publish","format-standard","hentry","category-nachrichten","entry"],"_links":{"self":[{"href":"https:\/\/codexflores.ch\/index.php\/wp-json\/wp\/v2\/posts\/2501","targetHints":{"allow":["GET"]}}],"collection":[{"href":"https:\/\/codexflores.ch\/index.php\/wp-json\/wp\/v2\/posts"}],"about":[{"href":"https:\/\/codexflores.ch\/index.php\/wp-json\/wp\/v2\/types\/post"}],"author":[{"embeddable":true,"href":"https:\/\/codexflores.ch\/index.php\/wp-json\/wp\/v2\/users\/1"}],"replies":[{"embeddable":true,"href":"https:\/\/codexflores.ch\/index.php\/wp-json\/wp\/v2\/comments?post=2501"}],"version-history":[{"count":0,"href":"https:\/\/codexflores.ch\/index.php\/wp-json\/wp\/v2\/posts\/2501\/revisions"}],"wp:attachment":[{"href":"https:\/\/codexflores.ch\/index.php\/wp-json\/wp\/v2\/media?parent=2501"}],"wp:term":[{"taxonomy":"category","embeddable":true,"href":"https:\/\/codexflores.ch\/index.php\/wp-json\/wp\/v2\/categories?post=2501"},{"taxonomy":"post_tag","embeddable":true,"href":"https:\/\/codexflores.ch\/index.php\/wp-json\/wp\/v2\/tags?post=2501"}],"curies":[{"name":"wp","href":"https:\/\/api.w.org\/{rel}","templated":true}]}}