{"id":2502,"date":"2015-08-24T06:06:14","date_gmt":"2015-08-24T06:06:14","guid":{"rendered":"https:\/\/codexflores.ch\/index.php\/2015\/08\/24\/europaeischer-komponistenpreis-geht-an-usbekin\/"},"modified":"2015-08-24T06:06:14","modified_gmt":"2015-08-24T06:06:14","slug":"europaeischer-komponistenpreis-geht-an-usbekin","status":"publish","type":"post","link":"https:\/\/codexflores.ch\/index.php\/2015\/08\/24\/europaeischer-komponistenpreis-geht-an-usbekin\/","title":{"rendered":"Europ\u00e4ischer Komponistenpreis geht an Sinem Altan"},"content":{"rendered":"<p><span style=\"font-family: arial,helvetica,sans-serif; font-size: small;\">24.08.2015 &#8212; Im Rahmen des Festivals Young Euro Classic ist in Berlin der Europ\u00e4ische Komponistenpreis 2015 verliehen worden, und zwar an die deutsch-t\u00fcrkische Tonsch\u00f6pferin Sinem Altan f\u00fcr ihr Werk \u00abHafriyat \u2013 Earthwork\u00bb.<\/span><\/p>\n<p><span style=\"font-family: arial,helvetica,sans-serif; font-size: small;\"><strong>24.08.2015 &#8212; Im Rahmen des Festivals Young Euro Classic ist in Berlin der Europ\u00e4ische Komponistenpreis 2015 verliehen worden, und zwar an die deutsch-t\u00fcrkische Tonsch\u00f6pferin Sinem Altan f\u00fcr ihr Werk \u00abHafriyat \u2013 Earthwork\u00bb.<\/strong><\/span><\/p>\n<p>\u00a0<\/p>\n<p><span style=\"font-family: arial,helvetica,sans-serif; font-size: small;\">Sinem Altan stammt aus Ankara und lebt in Berlin: F\u00fcr die 30-j\u00e4hrige deutsch-t\u00fcrkische Komponistin ist der Dialog zwischen diesen beiden Kulturen das zentrale Thema ihrer k\u00fcnstlerischen Arbeit. Schon als junges M\u00e4dchen gewann sie in der T\u00fcrkei wie in Deutschland Erste Preise als Pianistin und Komponistin, als elfj\u00e4hrige Jungstudentin wurde sie an die Hochschule f\u00fcr Musik Hanns Eisler aufgenommen. <\/span><\/p>\n<p>\u00a0<\/p>\n<p><span style=\"font-family: arial,helvetica,sans-serif; font-size: small;\">Sp\u00e4ter gr\u00fcndete sie die Konzertreihe \u00abYenili\u011fe Do\u011fru \u2013 Auf dem Weg zu Neuem\u00bb aus der schliesslich ihr Ensemble Olivinn hervorging, das sich sehr frei zwischen europ\u00e4ischer Klassik, t\u00fcrkischer Volksmusik und Jazz bewegt. An der Neuk\u00f6llner Oper wirkte sie als Composer in Residence, f\u00fcr das Rundfunk-Sinfonieorchester Berlin (RSB) vertonte sie mehrere Geschichten des t\u00fcrkischen Till Eulenspiegels Kelo\u011flan.<\/span><\/p>\n<p><span style=\"font-family: arial,helvetica,sans-serif; font-size: small;\">\u00a0<\/span><\/p>\n<p><span style=\"font-family: arial,helvetica,sans-serif; font-size: small;\">F\u00fcr die Amsterdamer Oper komponierte sie 2011 eine Neufassung von Verdis <em>Aida<\/em> mit Gospelchor und orientalischer Percussion. 2013 wurde ihr Konzert f\u00fcr Ba\u011flama (t\u00fcrkische Laute) und Symphonieorchester erfolgreich im Konzerthaus Berlin uraufgef\u00fchrt.<em> (cf)<\/em><\/span><\/p>\n<p>\u00a0<\/p>\n","protected":false},"excerpt":{"rendered":"<p><span style=\"font-family: arial,helvetica,sans-serif; font-size: small;\">24.08.2015 &#8212; Im Rahmen des Festivals Young Euro Classic ist in Berlin der Europ\u00e4ische Komponistenpreis 2015 verliehen worden, und zwar an die deutsch-t\u00fcrkische Tonsch\u00f6pferin Sinem Altan f\u00fcr ihr Werk \u00abHafriyat \u2013 Earthwork\u00bb.<\/span><\/p>\n","protected":false},"author":1,"featured_media":0,"comment_status":"open","ping_status":"open","sticky":false,"template":"","format":"standard","meta":{"footnotes":""},"categories":[2],"tags":[],"class_list":["post-2502","post","type-post","status-publish","format-standard","hentry","category-nachrichten","entry"],"_links":{"self":[{"href":"https:\/\/codexflores.ch\/index.php\/wp-json\/wp\/v2\/posts\/2502","targetHints":{"allow":["GET"]}}],"collection":[{"href":"https:\/\/codexflores.ch\/index.php\/wp-json\/wp\/v2\/posts"}],"about":[{"href":"https:\/\/codexflores.ch\/index.php\/wp-json\/wp\/v2\/types\/post"}],"author":[{"embeddable":true,"href":"https:\/\/codexflores.ch\/index.php\/wp-json\/wp\/v2\/users\/1"}],"replies":[{"embeddable":true,"href":"https:\/\/codexflores.ch\/index.php\/wp-json\/wp\/v2\/comments?post=2502"}],"version-history":[{"count":0,"href":"https:\/\/codexflores.ch\/index.php\/wp-json\/wp\/v2\/posts\/2502\/revisions"}],"wp:attachment":[{"href":"https:\/\/codexflores.ch\/index.php\/wp-json\/wp\/v2\/media?parent=2502"}],"wp:term":[{"taxonomy":"category","embeddable":true,"href":"https:\/\/codexflores.ch\/index.php\/wp-json\/wp\/v2\/categories?post=2502"},{"taxonomy":"post_tag","embeddable":true,"href":"https:\/\/codexflores.ch\/index.php\/wp-json\/wp\/v2\/tags?post=2502"}],"curies":[{"name":"wp","href":"https:\/\/api.w.org\/{rel}","templated":true}]}}