{"id":2503,"date":"2015-08-25T05:44:09","date_gmt":"2015-08-25T05:44:09","guid":{"rendered":"https:\/\/codexflores.ch\/index.php\/2015\/08\/25\/aus-lugano-festival-wird-lugano-musica\/"},"modified":"2015-08-25T05:44:09","modified_gmt":"2015-08-25T05:44:09","slug":"aus-lugano-festival-wird-lugano-musica","status":"publish","type":"post","link":"https:\/\/codexflores.ch\/index.php\/2015\/08\/25\/aus-lugano-festival-wird-lugano-musica\/","title":{"rendered":"Aus Lugano Festival wird Lugano Musica"},"content":{"rendered":"<p><span style=\"font-family: arial,helvetica,sans-serif; font-size: small;\">25.08.2015 &#8212; Lugano Festival hat seine letzte Spielsaison hinter sich. Ab Oktober dieses Jahres werden die Aktivit\u00e4ten unter dem Label Lugano Musica als regul\u00e4re Musik- und Konzertsaison im neuen Luganer Kulturzentrum LAC fortgef\u00fchrt.<\/span><\/p>\n<p><strong><span style=\"font-family: arial,helvetica,sans-serif; font-size: small;\">25.08.2015 &#8212; Lugano Festival hat seine letzte Spielsaison hinter sich. Ab Oktober dieses Jahres werden die Aktivit\u00e4ten unter dem Label Lugano Musica als regul\u00e4re Musik- und Konzertsaison im neuen Luganer Kulturzentrum LAC fortgef\u00fchrt.<\/span><\/strong><\/p>\n<p><span style=\"font-family: arial,helvetica,sans-serif; font-size: small;\">\u00a0<\/span><\/p>\n<p><span style=\"font-family: arial,helvetica,sans-serif; font-size: small;\">Lugano Musica wird unter der k\u00fcnstlerischen Leitung von Etienne Reymond zwischen 3. Oktober 2015 bis Juni 2016 ein Saisonprogramm pr\u00e4sentieren, mit Konzerten und begleitenden Veranstaltungen. Insgesamt wird es rund 35 Veranstaltungen geben, die in verschiedene Zyklen unterteilt sind: von sinfonischer Musik bis zur Kammermusik, vom Solistenkonzert bis zum Barockkonzert.<\/span><\/p>\n<p>\u00a0<\/p>\n<p><span style=\"font-family: arial,helvetica,sans-serif; font-size: small;\"> Auftreten werden Valery Gergiev \u2013, er leitet das Orchester des Mariinskij Theaters von St. Petersburg \u2013, Bernard Haitink, Charles Dutoit und Yannick N\u00e9zet-S\u00e9giun. Zu den Solisten z\u00e4hlen Murray Perahia, Radu Lupu, Leonidas Kavakos, Ilya Gringolts, Sol Gabetta, Andr\u00e0s Schiff, Maria Jo\u00e3o Pires, zu den Ensembles das Cuarteto Casals, das Quartetto Arcanto und das Jerusalem Quartet. <\/span><\/p>\n<p>\u00a0<\/p>\n<p><span style=\"font-family: arial,helvetica,sans-serif; font-size: small;\">Artist in residence der Saison ist Daniil Trifonov, der Sieger des Tschaikowsky-Wettbewerbs 2011 in Moskau. Und wie \u00fcblich wird im Juni des kommenden Jahres das Martha-Argerich-Projekt veranstaltet.\u00a0<em> (cf)<\/em><\/span><\/p>\n<p><span style=\"font-family: arial,helvetica,sans-serif; font-size: small;\"><em>\u00a0<\/em><\/span><\/p>\n<p><span style=\"font-family: arial,helvetica,sans-serif; font-size: small;\"><strong>Mehr Infos:<\/strong> <a href=\"http:\/\/www.luganomusica.ch\" target=\"_blank\" rel=\"noopener noreferrer\">www.luganomusica.ch<\/a><\/span><em><br \/><\/em><\/p>\n<p>\u00a0<\/p>\n","protected":false},"excerpt":{"rendered":"<p><span style=\"font-family: arial,helvetica,sans-serif; font-size: small;\">25.08.2015 &#8212; Lugano Festival hat seine letzte Spielsaison hinter sich. Ab Oktober dieses Jahres werden die Aktivit\u00e4ten unter dem Label Lugano Musica als regul\u00e4re Musik- und Konzertsaison im neuen Luganer Kulturzentrum LAC fortgef\u00fchrt.<\/span><\/p>\n","protected":false},"author":1,"featured_media":0,"comment_status":"open","ping_status":"open","sticky":false,"template":"","format":"standard","meta":{"footnotes":""},"categories":[2],"tags":[],"class_list":["post-2503","post","type-post","status-publish","format-standard","hentry","category-nachrichten","entry"],"_links":{"self":[{"href":"https:\/\/codexflores.ch\/index.php\/wp-json\/wp\/v2\/posts\/2503","targetHints":{"allow":["GET"]}}],"collection":[{"href":"https:\/\/codexflores.ch\/index.php\/wp-json\/wp\/v2\/posts"}],"about":[{"href":"https:\/\/codexflores.ch\/index.php\/wp-json\/wp\/v2\/types\/post"}],"author":[{"embeddable":true,"href":"https:\/\/codexflores.ch\/index.php\/wp-json\/wp\/v2\/users\/1"}],"replies":[{"embeddable":true,"href":"https:\/\/codexflores.ch\/index.php\/wp-json\/wp\/v2\/comments?post=2503"}],"version-history":[{"count":0,"href":"https:\/\/codexflores.ch\/index.php\/wp-json\/wp\/v2\/posts\/2503\/revisions"}],"wp:attachment":[{"href":"https:\/\/codexflores.ch\/index.php\/wp-json\/wp\/v2\/media?parent=2503"}],"wp:term":[{"taxonomy":"category","embeddable":true,"href":"https:\/\/codexflores.ch\/index.php\/wp-json\/wp\/v2\/categories?post=2503"},{"taxonomy":"post_tag","embeddable":true,"href":"https:\/\/codexflores.ch\/index.php\/wp-json\/wp\/v2\/tags?post=2503"}],"curies":[{"name":"wp","href":"https:\/\/api.w.org\/{rel}","templated":true}]}}