{"id":2505,"date":"2015-08-25T09:06:50","date_gmt":"2015-08-25T09:06:50","guid":{"rendered":"https:\/\/codexflores.ch\/index.php\/2015\/08\/25\/roche-commissions-gehen-an-streich-und-kaner\/"},"modified":"2015-08-25T09:06:50","modified_gmt":"2015-08-25T09:06:50","slug":"roche-commissions-gehen-an-streich-und-kaner","status":"publish","type":"post","link":"https:\/\/codexflores.ch\/index.php\/2015\/08\/25\/roche-commissions-gehen-an-streich-und-kaner\/","title":{"rendered":"Roche Commissions gehen an Streich und Kaner"},"content":{"rendered":"<p><span style=\"font-family: arial,helvetica,sans-serif; font-size: small;\">25.08.2015 &#8212; Lisa Streich und Matthew Kaner sind f\u00fcr die n\u00e4chsten Roche Young Commissions ausgew\u00e4hlt worden: Sie erhalten je einen Werkauftrag. Die Werke werden 2016 innerhalb der Lucerne Festival Academy geprobt und 2017 im Rahmen von Lucerne Festival im Sommer zu Urauff\u00fchrung gebracht.<\/span><\/p>\n<p><span style=\"font-family: arial,helvetica,sans-serif; font-size: small;\"><strong><span style=\"font-family: arial,helvetica,sans-serif; font-size: small;\">25.08.2015 &#8212; Lisa Streich und Matthew Kaner sind f\u00fcr die n\u00e4chsten Roche Young Commissions ausgew\u00e4hlt worden: Sie erhalten je einen Werkauftrag. Die Werke werden 2016 innerhalb der Lucerne Festival Academy geprobt und 2017 im Rahmen von Lucerne Festival im Sommer zu Urauff\u00fchrung gebracht.<\/span><\/strong><\/span><\/p>\n<p>\u00a0<\/p>\n<p><span style=\"font-family: arial,helvetica,sans-serif; font-size: small;\">Lisa Streich, 1985 in Schweden geboren, erhielt ihre Ausbildung unter anderem bei Adriana H\u00f6lszky, Johannes Sch\u00f6llhorn und Mauro Lanza. Sie studierte Orgel und Komposition an der Hochschule f\u00fcr Musik und Tanz in K\u00f6ln und am Ircam (Institut de Recherche et Coordination Acoustique\/Musique) in Paris. <\/span><\/p>\n<p>\u00a0<\/p>\n<p><span style=\"font-family: arial,helvetica,sans-serif; font-size: small;\">Der Engl\u00e4nder Matthew Kaner, Jahrgang 1986, studierte unter anderem bei Colin Matthews, Oliver Knussen und George Benjamin. An der Guildhall School of Music &amp; Drama machte er 2009 bei Julian Anderson seinen Abschluss und hat dort heute selbst einen Lehrauftrag. <em>(cf)<\/em><\/span><\/p>\n","protected":false},"excerpt":{"rendered":"<p><span style=\"font-family: arial,helvetica,sans-serif; font-size: small;\">25.08.2015 &#8212; Lisa Streich und Matthew Kaner sind f\u00fcr die n\u00e4chsten Roche Young Commissions ausgew\u00e4hlt worden: Sie erhalten je einen Werkauftrag. Die Werke werden 2016 innerhalb der Lucerne Festival Academy geprobt und 2017 im Rahmen von Lucerne Festival im Sommer zu Urauff\u00fchrung gebracht.<\/span><\/p>\n","protected":false},"author":1,"featured_media":0,"comment_status":"open","ping_status":"open","sticky":false,"template":"","format":"standard","meta":{"footnotes":""},"categories":[2],"tags":[],"class_list":["post-2505","post","type-post","status-publish","format-standard","hentry","category-nachrichten","entry"],"_links":{"self":[{"href":"https:\/\/codexflores.ch\/index.php\/wp-json\/wp\/v2\/posts\/2505","targetHints":{"allow":["GET"]}}],"collection":[{"href":"https:\/\/codexflores.ch\/index.php\/wp-json\/wp\/v2\/posts"}],"about":[{"href":"https:\/\/codexflores.ch\/index.php\/wp-json\/wp\/v2\/types\/post"}],"author":[{"embeddable":true,"href":"https:\/\/codexflores.ch\/index.php\/wp-json\/wp\/v2\/users\/1"}],"replies":[{"embeddable":true,"href":"https:\/\/codexflores.ch\/index.php\/wp-json\/wp\/v2\/comments?post=2505"}],"version-history":[{"count":0,"href":"https:\/\/codexflores.ch\/index.php\/wp-json\/wp\/v2\/posts\/2505\/revisions"}],"wp:attachment":[{"href":"https:\/\/codexflores.ch\/index.php\/wp-json\/wp\/v2\/media?parent=2505"}],"wp:term":[{"taxonomy":"category","embeddable":true,"href":"https:\/\/codexflores.ch\/index.php\/wp-json\/wp\/v2\/categories?post=2505"},{"taxonomy":"post_tag","embeddable":true,"href":"https:\/\/codexflores.ch\/index.php\/wp-json\/wp\/v2\/tags?post=2505"}],"curies":[{"name":"wp","href":"https:\/\/api.w.org\/{rel}","templated":true}]}}