{"id":2508,"date":"2015-08-27T05:37:27","date_gmt":"2015-08-27T05:37:27","guid":{"rendered":"https:\/\/codexflores.ch\/index.php\/2015\/08\/27\/schlingensief-posthum-mit-wolf-preis-geehrt\/"},"modified":"2015-08-27T05:37:27","modified_gmt":"2015-08-27T05:37:27","slug":"schlingensief-posthum-mit-wolf-preis-geehrt","status":"publish","type":"post","link":"https:\/\/codexflores.ch\/index.php\/2015\/08\/27\/schlingensief-posthum-mit-wolf-preis-geehrt\/","title":{"rendered":"Schlingensief posthum mit Wolf-Preis geehrt"},"content":{"rendered":"<p><span style=\"font-family: arial,helvetica,sans-serif; font-size: small;\">27.08.2015 &#8212; Der Konrad-Wolf-Preis 2015 der deutschen Akademie der K\u00fcnste wird posthum an Christoph Schlingensief und das Operndorf in Burkina Faso verliehen.<\/span><\/p>\n<p><span style=\"font-family: arial,helvetica,sans-serif; font-size: small;\"><strong>27.08.2015 &#8212; Der Konrad-Wolf-Preis 2015 der deutschen Akademie der K\u00fcnste wird posthum an Christoph Schlingensief und das Operndorf in Burkina Faso verliehen.<\/strong><\/span><\/p>\n<p>\u00a0<\/p>\n<p><span style=\"font-family: arial,helvetica,sans-serif; font-size: small;\">Laut der Medienmitteilung der Akademie war es f\u00fcr Konrad Wolf als politischem Filmemacher nicht nur wichtig, was Filme zeigen, sondern auch, was sie bewirken. Daher solle der Preis \u00abin seiner geistigen Dimension an einen Filmk\u00fcnstler gehen, der sich seinen autobiographischen Eigensinn und seine politische Unabh\u00e4ngigkeit\u00bb nie habe austreiben lassen.<\/span><\/p>\n<p><span style=\"font-family: arial,helvetica,sans-serif; font-size: small;\">\u00a0<\/span><\/p>\n<p><span style=\"font-family: arial,helvetica,sans-serif; font-size: small;\">Die offizielle Verleihung des mit 5000 Euro dotierten Preises findet am 20. Oktober 2015 in der Akademie der K\u00fcnste statt. Die Laudatio h\u00e4lt Georg Seesslen, es begr\u00fcsst Rosa von Praunheim. Der Jury geh\u00f6rten in diesem Jahr die Akademie-Mitglieder Alexander Horwath (Kurator und Autor, Wien), Naum Kleeman (Filmhistoriker, Moskau) und der Filmpublizist Georg Seesslen an. <em>(cf)<\/em><\/span><\/p>\n","protected":false},"excerpt":{"rendered":"<p><span style=\"font-family: arial,helvetica,sans-serif; font-size: small;\">27.08.2015 &#8212; Der Konrad-Wolf-Preis 2015 der deutschen Akademie der K\u00fcnste wird posthum an Christoph Schlingensief und das Operndorf in Burkina Faso verliehen.<\/span><\/p>\n","protected":false},"author":1,"featured_media":0,"comment_status":"open","ping_status":"open","sticky":false,"template":"","format":"standard","meta":{"footnotes":""},"categories":[2],"tags":[],"class_list":["post-2508","post","type-post","status-publish","format-standard","hentry","category-nachrichten","entry"],"_links":{"self":[{"href":"https:\/\/codexflores.ch\/index.php\/wp-json\/wp\/v2\/posts\/2508","targetHints":{"allow":["GET"]}}],"collection":[{"href":"https:\/\/codexflores.ch\/index.php\/wp-json\/wp\/v2\/posts"}],"about":[{"href":"https:\/\/codexflores.ch\/index.php\/wp-json\/wp\/v2\/types\/post"}],"author":[{"embeddable":true,"href":"https:\/\/codexflores.ch\/index.php\/wp-json\/wp\/v2\/users\/1"}],"replies":[{"embeddable":true,"href":"https:\/\/codexflores.ch\/index.php\/wp-json\/wp\/v2\/comments?post=2508"}],"version-history":[{"count":0,"href":"https:\/\/codexflores.ch\/index.php\/wp-json\/wp\/v2\/posts\/2508\/revisions"}],"wp:attachment":[{"href":"https:\/\/codexflores.ch\/index.php\/wp-json\/wp\/v2\/media?parent=2508"}],"wp:term":[{"taxonomy":"category","embeddable":true,"href":"https:\/\/codexflores.ch\/index.php\/wp-json\/wp\/v2\/categories?post=2508"},{"taxonomy":"post_tag","embeddable":true,"href":"https:\/\/codexflores.ch\/index.php\/wp-json\/wp\/v2\/tags?post=2508"}],"curies":[{"name":"wp","href":"https:\/\/api.w.org\/{rel}","templated":true}]}}