{"id":2514,"date":"2015-09-02T05:37:02","date_gmt":"2015-09-02T05:37:02","guid":{"rendered":"https:\/\/codexflores.ch\/index.php\/2015\/09\/02\/europaeisches-alte-musik-netzwerk-feiert-jubilaeum\/"},"modified":"2015-09-02T05:37:02","modified_gmt":"2015-09-02T05:37:02","slug":"europaeisches-alte-musik-netzwerk-feiert-jubilaeum","status":"publish","type":"post","link":"https:\/\/codexflores.ch\/index.php\/2015\/09\/02\/europaeisches-alte-musik-netzwerk-feiert-jubilaeum\/","title":{"rendered":"Europ\u00e4isches Alte-Musik-Netzwerk feiert Jubil\u00e4um"},"content":{"rendered":"<p><span style=\"font-family: arial,helvetica,sans-serif; font-size: small;\">02.09.2015 &#8212; Das Europ\u00e4ische Netzwerk f\u00fcr Alte Musik Rema wird 15-j\u00e4hrig. Es wurde 2000 im franz\u00f6sischen Ambronay gegr\u00fcndet und vereint heute 69 europ\u00e4ische Institutionen und Festivals aus 19 europ\u00e4ischen L\u00e4ndern.<\/span><\/p>\n<p><span style=\"font-family: arial,helvetica,sans-serif; font-size: small;\"><strong>02.09.2015 &#8212; Das Europ\u00e4ische Netzwerk f\u00fcr Alte Musik Rema wird 15-j\u00e4hrig. Es wurde 2000 im franz\u00f6sischen Ambronay gegr\u00fcndet und vereint heute 69 europ\u00e4ische Institutionen und Festivals aus 19 europ\u00e4ischen L\u00e4ndern.<\/strong><\/span><\/p>\n<p>\u00a0<\/p>\n<p><span style=\"font-family: arial,helvetica,sans-serif; font-size: small;\"><span class=\"cs534E6463\">Idee und Ziel von Rema ist \u00abdie Pflege und Fortsetzung des europ\u00e4ischen Gedankens auf musikalischer Basis\u00bb. Unterst\u00fctzt wird die Organisation, die mittlerweile ihren Sitz in Versailles hat, unter anderem von der Europ\u00e4ischen Kommission durch das Creative Europe Programm und vom franz\u00f6sischen Kulturministerium.<\/span><\/span><\/p>\n<p><span style=\"font-family: arial,helvetica,sans-serif; font-size: small;\"><span class=\"cs534E6463\">\u00a0<\/span><\/span><\/p>\n<p><span style=\"font-family: arial,helvetica,sans-serif; font-size: small;\"><span class=\"cs534E6463\">Als einziges Schweizer Mitglied des Netzwerks gelistet ist das Tessiner Festival Cantar di Pietre, das vom 5. September bis am 24. Oktober dieses Jahres in verschiedenen Kirchen des Kantons durchgef\u00fchrt wird.<\/span><\/span><\/p>\n<p><span style=\"font-family: arial,helvetica,sans-serif; font-size: small;\"><span class=\"cs534E6463\">\u00a0<\/span><\/span><\/p>\n<p><span style=\"font-family: arial,helvetica,sans-serif; font-size: small;\"><span class=\"cs534E6463\"><span class=\"cs534E6463\">J\u00fcngstes Projekt ist der heuer <span class=\"cs534E6463\"><span class=\"cs534E6463\">erstmals verliehene <\/span><\/span>Rema Early Music Award f\u00fcr K\u00fcnstler und Einrichtungen, die sich besonders um die Verbreitung und Erforschung Alter Musik verdient machen. Preistr\u00e4ger waren dieses Jahr die Schola Cantorum Basiliensis und das britische Hilliard Ensemble.<em> (cf)<\/em><br \/><\/span><\/span><\/span><\/p>\n<p>\u00a0<\/p>\n","protected":false},"excerpt":{"rendered":"<p><span style=\"font-family: arial,helvetica,sans-serif; font-size: small;\">02.09.2015 &#8212; Das Europ\u00e4ische Netzwerk f\u00fcr Alte Musik Rema wird 15-j\u00e4hrig. Es wurde 2000 im franz\u00f6sischen Ambronay gegr\u00fcndet und vereint heute 69 europ\u00e4ische Institutionen und Festivals aus 19 europ\u00e4ischen L\u00e4ndern.<\/span><\/p>\n","protected":false},"author":1,"featured_media":0,"comment_status":"open","ping_status":"open","sticky":false,"template":"","format":"standard","meta":{"footnotes":""},"categories":[2],"tags":[],"class_list":["post-2514","post","type-post","status-publish","format-standard","hentry","category-nachrichten","entry"],"_links":{"self":[{"href":"https:\/\/codexflores.ch\/index.php\/wp-json\/wp\/v2\/posts\/2514","targetHints":{"allow":["GET"]}}],"collection":[{"href":"https:\/\/codexflores.ch\/index.php\/wp-json\/wp\/v2\/posts"}],"about":[{"href":"https:\/\/codexflores.ch\/index.php\/wp-json\/wp\/v2\/types\/post"}],"author":[{"embeddable":true,"href":"https:\/\/codexflores.ch\/index.php\/wp-json\/wp\/v2\/users\/1"}],"replies":[{"embeddable":true,"href":"https:\/\/codexflores.ch\/index.php\/wp-json\/wp\/v2\/comments?post=2514"}],"version-history":[{"count":0,"href":"https:\/\/codexflores.ch\/index.php\/wp-json\/wp\/v2\/posts\/2514\/revisions"}],"wp:attachment":[{"href":"https:\/\/codexflores.ch\/index.php\/wp-json\/wp\/v2\/media?parent=2514"}],"wp:term":[{"taxonomy":"category","embeddable":true,"href":"https:\/\/codexflores.ch\/index.php\/wp-json\/wp\/v2\/categories?post=2514"},{"taxonomy":"post_tag","embeddable":true,"href":"https:\/\/codexflores.ch\/index.php\/wp-json\/wp\/v2\/tags?post=2514"}],"curies":[{"name":"wp","href":"https:\/\/api.w.org\/{rel}","templated":true}]}}