{"id":2515,"date":"2015-09-02T05:45:24","date_gmt":"2015-09-02T05:45:24","guid":{"rendered":"https:\/\/codexflores.ch\/index.php\/2015\/09\/02\/daniel-hope-mit-europaeischem-kulturpreis-geehrt\/"},"modified":"2015-09-02T05:45:24","modified_gmt":"2015-09-02T05:45:24","slug":"daniel-hope-mit-europaeischem-kulturpreis-geehrt","status":"publish","type":"post","link":"https:\/\/codexflores.ch\/index.php\/2015\/09\/02\/daniel-hope-mit-europaeischem-kulturpreis-geehrt\/","title":{"rendered":"Daniel Hope mit Europ\u00e4ischem Kulturpreis geehrt"},"content":{"rendered":"<p><span style=\"font-family: arial,helvetica,sans-serif; font-size: small;\">02.09.2015 &#8212; Der britische Geiger Daniel Hope wird mit dem Europ\u00e4ischen Kulturpreis der Europ\u00e4ischen Kulturstiftung ausgezeichnet.<\/span><\/p>\n<p><span style=\"font-family: arial,helvetica,sans-serif; font-size: small;\"><strong>02.09.2015 &#8212; Der britische Geiger Daniel Hope wird mit dem Europ\u00e4ischen Kulturpreis der Europ\u00e4ischen Kulturstiftung ausgezeichnet.<\/strong><\/span><\/p>\n<p><span style=\"font-family: arial,helvetica,sans-serif; font-size: small;\">\u00a0<\/span><\/p>\n<p><span style=\"font-family: arial,helvetica,sans-serif; font-size: small;\">Hope sei \u00abein grossartiger K\u00fcnstler, der der ernsthaften Musik einen ganz neuen Unterhaltungswert schafft und so Menschen f\u00fcr klassische Musik begeistert\u00bb, begr\u00fcndet Tilo Braune, der Pr\u00e4sident der Europ\u00e4ischen Kulturstiftung, den Entscheid. Er baue Br\u00fccken zwischen unterschiedlichen Musikwelten und stehe damit f\u00fcr Toleranz und Offenheit. <\/span><\/p>\n<p><span style=\"font-family: arial,helvetica,sans-serif; font-size: small;\">\u00a0<\/span><\/p>\n<p><span style=\"font-family: arial,helvetica,sans-serif; font-size: small;\">Hope ist nicht der einzige der von der Kulturstiftung einen Preis erh\u00e4lt: Der Schauspieler Manfred Krug wird f\u00fcr sein Lebenswerk geehrt, der Tenor Jonas Kaufmann nimmt den Europ\u00e4ischen Solistenpreis entgegen. Die Prinzen erhalten f\u00fcr ihr gesellschaftliches Engagement ebenfalls eine Auszeichnung. Dirigent Kristjan J\u00e4rvi nimmt gemeinsam mit dem Baltic Sea Youth Philharmonic den Europ\u00e4ischen Orchester\u2010Nachwuchspreis entgegen. <em>(cf)<\/em><\/span><\/p>\n","protected":false},"excerpt":{"rendered":"<p><span style=\"font-family: arial,helvetica,sans-serif; font-size: small;\">02.09.2015 &#8212; Der britische Geiger Daniel Hope wird mit dem Europ\u00e4ischen Kulturpreis der Europ\u00e4ischen Kulturstiftung ausgezeichnet.<\/span><\/p>\n","protected":false},"author":1,"featured_media":0,"comment_status":"open","ping_status":"open","sticky":false,"template":"","format":"standard","meta":{"footnotes":""},"categories":[2],"tags":[],"class_list":["post-2515","post","type-post","status-publish","format-standard","hentry","category-nachrichten","entry"],"_links":{"self":[{"href":"https:\/\/codexflores.ch\/index.php\/wp-json\/wp\/v2\/posts\/2515","targetHints":{"allow":["GET"]}}],"collection":[{"href":"https:\/\/codexflores.ch\/index.php\/wp-json\/wp\/v2\/posts"}],"about":[{"href":"https:\/\/codexflores.ch\/index.php\/wp-json\/wp\/v2\/types\/post"}],"author":[{"embeddable":true,"href":"https:\/\/codexflores.ch\/index.php\/wp-json\/wp\/v2\/users\/1"}],"replies":[{"embeddable":true,"href":"https:\/\/codexflores.ch\/index.php\/wp-json\/wp\/v2\/comments?post=2515"}],"version-history":[{"count":0,"href":"https:\/\/codexflores.ch\/index.php\/wp-json\/wp\/v2\/posts\/2515\/revisions"}],"wp:attachment":[{"href":"https:\/\/codexflores.ch\/index.php\/wp-json\/wp\/v2\/media?parent=2515"}],"wp:term":[{"taxonomy":"category","embeddable":true,"href":"https:\/\/codexflores.ch\/index.php\/wp-json\/wp\/v2\/categories?post=2515"},{"taxonomy":"post_tag","embeddable":true,"href":"https:\/\/codexflores.ch\/index.php\/wp-json\/wp\/v2\/tags?post=2515"}],"curies":[{"name":"wp","href":"https:\/\/api.w.org\/{rel}","templated":true}]}}