{"id":2517,"date":"2015-09-03T05:37:50","date_gmt":"2015-09-03T05:37:50","guid":{"rendered":"https:\/\/codexflores.ch\/index.php\/2015\/09\/03\/milano-malpensa-als-buehne-fuer-donizettis-l-elisir-d-amore\/"},"modified":"2015-09-03T05:37:50","modified_gmt":"2015-09-03T05:37:50","slug":"milano-malpensa-als-buehne-fuer-donizettis-l-elisir-d-amore","status":"publish","type":"post","link":"https:\/\/codexflores.ch\/index.php\/2015\/09\/03\/milano-malpensa-als-buehne-fuer-donizettis-l-elisir-d-amore\/","title":{"rendered":"Milano Malpensa als B\u00fchne f\u00fcr Donizettis L\u2018elisir d\u2018amore"},"content":{"rendered":"<p><span style=\"font-family: arial,helvetica,sans-serif; font-size: small;\">03.09.2015 &#8212; F\u00fcr einen Abend wird der Flughafen Milano Malpensa zur Opernb\u00fchne\u00a0\u2013 f\u00fcr Donizettis <em>L\u2018elisir d\u2018amore<\/em>. Das Scala-Ensemble um den Dirigenten Fabio Luisi wird am 17. September Donizettis erfolgreichstes St\u00fcck inmitten des Flughafenbetriebes aufzuf\u00fchren.<\/span><\/p>\n<p><span style=\"font-family: arial,helvetica,sans-serif; font-size: small;\"><strong>03.09.2015 &#8212; F\u00fcr einen Abend wird der Flughafen Milano Malpensa zur Opernb\u00fchne\u00a0\u2013 f\u00fcr Donizettis <em>L\u2018elisir d\u2018amore<\/em>. Das Scala-Ensemble um den Dirigenten Fabio Luisi wird am 17. September Donizettis erfolgreichstes St\u00fcck inmitten des Flughafenbetriebes aufzuf\u00fchren.<\/strong><\/span><\/p>\n<p><span style=\"font-family: arial,helvetica,sans-serif; font-size: small;\">\u00a0<\/span><\/p>\n<p><span style=\"font-family: arial,helvetica,sans-serif; font-size: small;\">In Malpensa flirten Adina und Nemorino (gesungen von Vittorio Grigolo), im Flughafenrestaurant Rossopomodoro. F\u00fcr einen Abend ist Adina die Besitzerin und Nemorino dort Kellner. Dulcamara wird eingeflogen, mit etwas Gl\u00fcck sieht man ihn mit seinem eigenen Flugzeug landen. Der Chor bewegt sich zwischen Restaurant, Sky-Lounge und Sicherheitspforte. Die Moderatoren Annette Gerlach und Neri Marcor\u00e8 werden die Auff\u00fchrung begleiten.<\/span><\/p>\n<p><span style=\"font-family: arial,helvetica,sans-serif; font-size: small;\">\u00a0<\/span><\/p>\n<p><span style=\"font-family: arial,helvetica,sans-serif; font-size: small;\">Die Auff\u00fchrung ist auf dem Kultursender Arte Concert am selben Tag zu erleben. Zus\u00e4tzlich steht die neue Technik 360\u00b0 zur Verf\u00fcgung, die schon ab Anfang September zum Rundumblick nach Mailand, an die Scala und den Flughafen einl\u00e4dt. Ein sehr aufw\u00e4ndig produziertes 360\u00b0-Video wird gut zwei Wochen nach der Auff\u00fchrungen den Zuschauer ein Best Of des Opern-Events zeigen.<\/span><\/p>\n<p>\u00a0<\/p>\n<p><span style=\"font-family: arial,helvetica,sans-serif; font-size: small;\">Vergleichbare Produktionen hat das Schweizer Fernsehen (unter anderem auch mit\u00a0Vittorio Grigolo) vor einigen Jahren bereits im Z\u00fcrcher Hauptbahnhof, in einem Berner Aussenquartier und im Zentrum Basels realisiert. <em>(cf)<\/em><\/span><\/p>\n","protected":false},"excerpt":{"rendered":"<p><span style=\"font-family: arial,helvetica,sans-serif; font-size: small;\">03.09.2015 &#8212; F\u00fcr einen Abend wird der Flughafen Milano Malpensa zur Opernb\u00fchne\u00a0\u2013 f\u00fcr Donizettis <em>L\u2018elisir d\u2018amore<\/em>. Das Scala-Ensemble um den Dirigenten Fabio Luisi wird am 17. September Donizettis erfolgreichstes St\u00fcck inmitten des Flughafenbetriebes aufzuf\u00fchren.<\/span><\/p>\n","protected":false},"author":1,"featured_media":0,"comment_status":"open","ping_status":"open","sticky":false,"template":"","format":"standard","meta":{"footnotes":""},"categories":[2],"tags":[],"class_list":["post-2517","post","type-post","status-publish","format-standard","hentry","category-nachrichten","entry"],"_links":{"self":[{"href":"https:\/\/codexflores.ch\/index.php\/wp-json\/wp\/v2\/posts\/2517","targetHints":{"allow":["GET"]}}],"collection":[{"href":"https:\/\/codexflores.ch\/index.php\/wp-json\/wp\/v2\/posts"}],"about":[{"href":"https:\/\/codexflores.ch\/index.php\/wp-json\/wp\/v2\/types\/post"}],"author":[{"embeddable":true,"href":"https:\/\/codexflores.ch\/index.php\/wp-json\/wp\/v2\/users\/1"}],"replies":[{"embeddable":true,"href":"https:\/\/codexflores.ch\/index.php\/wp-json\/wp\/v2\/comments?post=2517"}],"version-history":[{"count":0,"href":"https:\/\/codexflores.ch\/index.php\/wp-json\/wp\/v2\/posts\/2517\/revisions"}],"wp:attachment":[{"href":"https:\/\/codexflores.ch\/index.php\/wp-json\/wp\/v2\/media?parent=2517"}],"wp:term":[{"taxonomy":"category","embeddable":true,"href":"https:\/\/codexflores.ch\/index.php\/wp-json\/wp\/v2\/categories?post=2517"},{"taxonomy":"post_tag","embeddable":true,"href":"https:\/\/codexflores.ch\/index.php\/wp-json\/wp\/v2\/tags?post=2517"}],"curies":[{"name":"wp","href":"https:\/\/api.w.org\/{rel}","templated":true}]}}