{"id":2520,"date":"2015-09-07T05:40:40","date_gmt":"2015-09-07T05:40:40","guid":{"rendered":"https:\/\/codexflores.ch\/index.php\/2015\/09\/07\/rihm-wird-leiter-der-lucerne-festival-academy\/"},"modified":"2015-09-07T05:40:40","modified_gmt":"2015-09-07T05:40:40","slug":"rihm-wird-leiter-der-lucerne-festival-academy","status":"publish","type":"post","link":"https:\/\/codexflores.ch\/index.php\/2015\/09\/07\/rihm-wird-leiter-der-lucerne-festival-academy\/","title":{"rendered":"Rihm wird Leiter der Lucerne Festival Academy"},"content":{"rendered":"<p><span style=\"font-family: arial,helvetica,sans-serif; font-size: small;\">07.09.2015 &#8212; Ab Sommer 2016 \u00fcbernimmt der Komponist Wolfgang Rihm als Nachfolger von Pierre Boulez die k\u00fcnstlerische Gesamtleitung der Lucerne Festival Academy. Matthias Pintscher wird als Principal Conductor amten.<\/span><\/p>\n<p><span style=\"font-family: arial,helvetica,sans-serif; font-size: small;\"><strong>07.09.2015 &#8212; Ab Sommer 2016 \u00fcbernimmt der Komponist Wolfgang Rihm als Nachfolger von Pierre Boulez die k\u00fcnstlerische Gesamtleitung der Lucerne Festival Academy. Matthias Pintscher wird als Principal Conductor amten.<\/strong><\/span><\/p>\n<p><span style=\"font-family: arial,helvetica,sans-serif; font-size: small;\">\u00a0<\/span><\/p>\n<p><span style=\"font-family: arial,helvetica,sans-serif; font-size: small;\">Beide Vertr\u00e4ge seine auf f\u00fcnf Jahre angelegt, schreibt Lucerne Festival. Pierre Boulez, der Gr\u00fcnder der Academy, werde als Ehrenpr\u00e4sident mit Wolfgang Rihm, Matthias Pintscher und dem Festivalteam im engen Austausch stehen. Die Lucerne Festival Academy dient seit zw\u00f6lf Jahren als Ausbildungscampus im Bereich der Musik des 20. und 21. Jahrhunderts.<\/span><\/p>\n<p><span style=\"font-family: arial,helvetica,sans-serif; font-size: small;\">\u00a0<\/span><\/p>\n<p><span style=\"font-family: arial,helvetica,sans-serif; font-size: small;\">Sie bietet Weiterbildung f\u00fcr rund 120 Instrumentalisten im Alter von 18 bis 32 Jahren sowie f\u00fcr junge Dirigenten und Komponisten. Matthias Pintscher hat in diesem Sommer bereits zum dritten Mal als Dozent und Dirigent die Akademie mitgepr\u00e4gt, unter anderem am \u00abTag f\u00fcr Pierre Boulez\u00bb.<\/span><\/p>\n<p><span style=\"font-family: arial,helvetica,sans-serif; font-size: small;\">\u00a0<\/span><\/p>\n<p><span style=\"font-family: arial,helvetica,sans-serif; font-size: small;\">Mit dem Leitungswechsel gehen auch Modifikationen im Programm einher: Mit einem neuen Kompositions-Seminar soll es ab 2016 eine Werkst\u00e4tte geben, in der junge Kom\u00adponisten ihre Werke mit internationalen jungen Musikern direkt erarbeiten k\u00f6nnen. Auf diese Weise erh\u00e4lt die F\u00f6rderung von Komponisten zuk\u00fcnftig einen zus\u00e4tzlichen Schwerpunkt in der Akademie. <em>(cf)<\/em><\/span><\/p>\n","protected":false},"excerpt":{"rendered":"<p><span style=\"font-family: arial,helvetica,sans-serif; font-size: small;\">07.09.2015 &#8212; Ab Sommer 2016 \u00fcbernimmt der Komponist Wolfgang Rihm als Nachfolger von Pierre Boulez die k\u00fcnstlerische Gesamtleitung der Lucerne Festival Academy. Matthias Pintscher wird als Principal Conductor amten.<\/span><\/p>\n","protected":false},"author":1,"featured_media":0,"comment_status":"open","ping_status":"open","sticky":false,"template":"","format":"standard","meta":{"footnotes":""},"categories":[2],"tags":[],"class_list":["post-2520","post","type-post","status-publish","format-standard","hentry","category-nachrichten","entry"],"_links":{"self":[{"href":"https:\/\/codexflores.ch\/index.php\/wp-json\/wp\/v2\/posts\/2520","targetHints":{"allow":["GET"]}}],"collection":[{"href":"https:\/\/codexflores.ch\/index.php\/wp-json\/wp\/v2\/posts"}],"about":[{"href":"https:\/\/codexflores.ch\/index.php\/wp-json\/wp\/v2\/types\/post"}],"author":[{"embeddable":true,"href":"https:\/\/codexflores.ch\/index.php\/wp-json\/wp\/v2\/users\/1"}],"replies":[{"embeddable":true,"href":"https:\/\/codexflores.ch\/index.php\/wp-json\/wp\/v2\/comments?post=2520"}],"version-history":[{"count":0,"href":"https:\/\/codexflores.ch\/index.php\/wp-json\/wp\/v2\/posts\/2520\/revisions"}],"wp:attachment":[{"href":"https:\/\/codexflores.ch\/index.php\/wp-json\/wp\/v2\/media?parent=2520"}],"wp:term":[{"taxonomy":"category","embeddable":true,"href":"https:\/\/codexflores.ch\/index.php\/wp-json\/wp\/v2\/categories?post=2520"},{"taxonomy":"post_tag","embeddable":true,"href":"https:\/\/codexflores.ch\/index.php\/wp-json\/wp\/v2\/tags?post=2520"}],"curies":[{"name":"wp","href":"https:\/\/api.w.org\/{rel}","templated":true}]}}