{"id":2524,"date":"2015-09-07T08:59:45","date_gmt":"2015-09-07T08:59:45","guid":{"rendered":"https:\/\/codexflores.ch\/index.php\/2015\/09\/07\/hrusa-wird-chefdirigent-der-bamberger-symphoniker\/"},"modified":"2015-09-07T08:59:45","modified_gmt":"2015-09-07T08:59:45","slug":"hrusa-wird-chefdirigent-der-bamberger-symphoniker","status":"publish","type":"post","link":"https:\/\/codexflores.ch\/index.php\/2015\/09\/07\/hrusa-wird-chefdirigent-der-bamberger-symphoniker\/","title":{"rendered":"Hr\u016f\u0161a wird Chefdirigent der Bamberger Symphoniker"},"content":{"rendered":"<p><span style=\"font-family: arial,helvetica,sans-serif; font-size: small;\">07.09.2015 &#8212; Der 1981 geborene tschechische Dirigent Jakub Hr\u016f\u0161a wird als Nachfolger von Jonathan Nott ab Herbst 2016 Chefdirigent der Bamberger Symphoniker.<\/span><\/p>\n<p><strong><span style=\"font-family: arial,helvetica,sans-serif; font-size: small;\"> 07.09.2015 &#8212; Der 1981 geborene tschechische Dirigent Jakub Hr\u016f\u0161a wird als Nachfolger von Jonathan Nott ab Herbst 2016 Chefdirigent der Bamberger Symphoniker.<\/span><\/strong><\/p>\n<p><span style=\"font-family: arial,helvetica,sans-serif; font-size: small;\">\u00a0<\/span><\/p>\n<p><span style=\"font-size: small; font-family: arial,helvetica,sans-serif;\">Jakub Hr\u016f\u0161a wurde im tschechischen Brno geboren und erhielt seine Ausbildung an der Prager Akademie der musischen K\u00fcnste. Er ist St\u00e4ndiger Gastdirigent der Tschechischen Philharmonie, Erster Gastdirigent des Tokyo Metropolitan Symphony Orchestra und war von 2009 bis 2015 Chefdirigent des Prag Philharmonia.<\/span><\/p>\n<p><span style=\"font-size: small; font-family: arial,helvetica,sans-serif;\">\u00a0<\/span><\/p>\n<p><span style=\"font-size: small; font-family: arial,helvetica,sans-serif;\"> Vor kurzem deb\u00fctierte er beim Philadelphia Orchestra, dem Los Angeles Philharmonic, den Wiener Symphonikern, dem DSO Berlin und dem Russischen Nationalorchester. In der Saison 2015\/2016 wird er erstmals am Pult des Concertgebouworkest Amsterdam und dem Orchester der Mail\u00e4nder Scala stehen sowie Produktionen an der Wiener Staatsoper und der Oper Frankfurt dirigieren. <\/span><\/p>\n<p><span style=\"font-size: small; font-family: arial,helvetica,sans-serif;\">\u00a0<\/span><\/p>\n<p><span style=\"font-size: 10.0pt; font-family: 'Arial','sans-serif';\"><span style=\"font-family: arial,helvetica,sans-serif; font-size: small;\">Als Operndirigent ist er h\u00e4ufig zu Gast gewesen beim Glyndebourne Festival, wo er 2008 deb\u00fctierte, sowie an den Opernh\u00e4usern von Paris, Helsinki, Kopenhagen und Prag. <em>(cf)<\/em><\/span><br \/><\/span><\/p>\n","protected":false},"excerpt":{"rendered":"<p><span style=\"font-family: arial,helvetica,sans-serif; font-size: small;\">07.09.2015 &#8212; Der 1981 geborene tschechische Dirigent Jakub Hr\u016f\u0161a wird als Nachfolger von Jonathan Nott ab Herbst 2016 Chefdirigent der Bamberger Symphoniker.<\/span><\/p>\n","protected":false},"author":1,"featured_media":0,"comment_status":"open","ping_status":"open","sticky":false,"template":"","format":"standard","meta":{"footnotes":""},"categories":[2],"tags":[],"class_list":["post-2524","post","type-post","status-publish","format-standard","hentry","category-nachrichten","entry"],"_links":{"self":[{"href":"https:\/\/codexflores.ch\/index.php\/wp-json\/wp\/v2\/posts\/2524","targetHints":{"allow":["GET"]}}],"collection":[{"href":"https:\/\/codexflores.ch\/index.php\/wp-json\/wp\/v2\/posts"}],"about":[{"href":"https:\/\/codexflores.ch\/index.php\/wp-json\/wp\/v2\/types\/post"}],"author":[{"embeddable":true,"href":"https:\/\/codexflores.ch\/index.php\/wp-json\/wp\/v2\/users\/1"}],"replies":[{"embeddable":true,"href":"https:\/\/codexflores.ch\/index.php\/wp-json\/wp\/v2\/comments?post=2524"}],"version-history":[{"count":0,"href":"https:\/\/codexflores.ch\/index.php\/wp-json\/wp\/v2\/posts\/2524\/revisions"}],"wp:attachment":[{"href":"https:\/\/codexflores.ch\/index.php\/wp-json\/wp\/v2\/media?parent=2524"}],"wp:term":[{"taxonomy":"category","embeddable":true,"href":"https:\/\/codexflores.ch\/index.php\/wp-json\/wp\/v2\/categories?post=2524"},{"taxonomy":"post_tag","embeddable":true,"href":"https:\/\/codexflores.ch\/index.php\/wp-json\/wp\/v2\/tags?post=2524"}],"curies":[{"name":"wp","href":"https:\/\/api.w.org\/{rel}","templated":true}]}}