{"id":2525,"date":"2015-09-08T05:44:30","date_gmt":"2015-09-08T05:44:30","guid":{"rendered":"https:\/\/codexflores.ch\/index.php\/2015\/09\/08\/bilanz-des-grafenegg-festivals-2015\/"},"modified":"2015-09-08T05:44:30","modified_gmt":"2015-09-08T05:44:30","slug":"bilanz-des-grafenegg-festivals-2015","status":"publish","type":"post","link":"https:\/\/codexflores.ch\/index.php\/2015\/09\/08\/bilanz-des-grafenegg-festivals-2015\/","title":{"rendered":"Bilanz des Grafenegg Festivals 2015"},"content":{"rendered":"<p><span style=\"font-family: arial,helvetica,sans-serif; font-size: small;\">08.09.2015 &#8212; Das Grafenegg Festival 2015 hat mit 27&#8217;700 Eintritten etwas mehr Beachtung gefunden als im Vorjahr (26&#8217;800 Eintritte). Besucht werden konnten 16 Abendkonzerte, 4 Matineen, ein musikalisches Rahmenprogramm, Konzerteinf\u00fchrungen sowie eine Late Night Session.<\/span><\/p>\n<p><span style=\"font-family: arial,helvetica,sans-serif; font-size: small;\"><strong>08.09.2015 &#8212; Das Grafenegg Festival 2015 hat mit 27&#8217;700 Eintritten etwas mehr Beachtung gefunden als im Vorjahr (26&#8217;800 Eintritte). Besucht werden konnten 16 Abendkonzerte, 4 Matineen, ein musikalisches Rahmenprogramm, Konzerteinf\u00fchrungen sowie eine Late Night Session.<\/strong><\/span><\/p>\n<p><span style=\"font-family: arial,helvetica,sans-serif; font-size: small;\">\u00a0<\/span><\/p>\n<p><span style=\"font-family: arial,helvetica,sans-serif; font-size: small;\">Dieses Jahr haben beim Festival, das unter der\u00a0k\u00fcnstlerischen Leitung von Rudolf Buchbinder steht, die Berliner Philharmoniker und das Boston Symphony Orchestra deb\u00fctiert. Konzerte gegeben haben \u00fcberdies Orchester wie die die Wiener Philharmoniker. Matthias Pintscher amtete als Composer in Residence. <\/span><\/p>\n<p>\u00a0<\/p>\n<p><span style=\"font-family: arial,helvetica,sans-serif; font-size: small;\">Grafenegg liegt zwischen Wien und der Wachau. Wahrzeichen des Festivals ist die neuerbaute Open Air-B\u00fchne Wolkenturm. Residenzorchester ist das Tonk\u00fcnstler-Orchester Nieder\u00f6sterreich.<span style=\"font-family: arial,helvetica,sans-serif; font-size: small;\"> Im kommenden Jahr feiert das Grafenegg Festival sein 10-Jahre-Jubil\u00e4um.<\/span> <em>(cf)<\/em><\/span><\/p>\n<p>\u00a0<\/p>\n<p>\u00a0<\/p>\n<p>\u00a0<\/p>\n","protected":false},"excerpt":{"rendered":"<p><span style=\"font-family: arial,helvetica,sans-serif; font-size: small;\">08.09.2015 &#8212; Das Grafenegg Festival 2015 hat mit 27&#8217;700 Eintritten etwas mehr Beachtung gefunden als im Vorjahr (26&#8217;800 Eintritte). Besucht werden konnten 16 Abendkonzerte, 4 Matineen, ein musikalisches Rahmenprogramm, Konzerteinf\u00fchrungen sowie eine Late Night Session.<\/span><\/p>\n","protected":false},"author":1,"featured_media":0,"comment_status":"open","ping_status":"open","sticky":false,"template":"","format":"standard","meta":{"footnotes":""},"categories":[2],"tags":[],"class_list":["post-2525","post","type-post","status-publish","format-standard","hentry","category-nachrichten","entry"],"_links":{"self":[{"href":"https:\/\/codexflores.ch\/index.php\/wp-json\/wp\/v2\/posts\/2525","targetHints":{"allow":["GET"]}}],"collection":[{"href":"https:\/\/codexflores.ch\/index.php\/wp-json\/wp\/v2\/posts"}],"about":[{"href":"https:\/\/codexflores.ch\/index.php\/wp-json\/wp\/v2\/types\/post"}],"author":[{"embeddable":true,"href":"https:\/\/codexflores.ch\/index.php\/wp-json\/wp\/v2\/users\/1"}],"replies":[{"embeddable":true,"href":"https:\/\/codexflores.ch\/index.php\/wp-json\/wp\/v2\/comments?post=2525"}],"version-history":[{"count":0,"href":"https:\/\/codexflores.ch\/index.php\/wp-json\/wp\/v2\/posts\/2525\/revisions"}],"wp:attachment":[{"href":"https:\/\/codexflores.ch\/index.php\/wp-json\/wp\/v2\/media?parent=2525"}],"wp:term":[{"taxonomy":"category","embeddable":true,"href":"https:\/\/codexflores.ch\/index.php\/wp-json\/wp\/v2\/categories?post=2525"},{"taxonomy":"post_tag","embeddable":true,"href":"https:\/\/codexflores.ch\/index.php\/wp-json\/wp\/v2\/tags?post=2525"}],"curies":[{"name":"wp","href":"https:\/\/api.w.org\/{rel}","templated":true}]}}