{"id":2526,"date":"2015-09-08T05:59:07","date_gmt":"2015-09-08T05:59:07","guid":{"rendered":"https:\/\/codexflores.ch\/index.php\/2015\/09\/08\/wiener-staatsoper-bis-2020-ohne-gmd\/"},"modified":"2015-09-08T05:59:07","modified_gmt":"2015-09-08T05:59:07","slug":"wiener-staatsoper-bis-2020-ohne-gmd","status":"publish","type":"post","link":"https:\/\/codexflores.ch\/index.php\/2015\/09\/08\/wiener-staatsoper-bis-2020-ohne-gmd\/","title":{"rendered":"Wiener Staatsoper bis 2020 ohne GMD"},"content":{"rendered":"<p><span style=\"font-family: arial,helvetica,sans-serif; font-size: small;\">08.09.2015 &#8212; Der Wiener Staatsopern-Direktor Dominique Meyer hat \u00f6sterreichischen Medien gegen\u00fcber erkl\u00e4rt, sein Haus werde bis mindestens 2020 ohne Generalmusikdirektor auskommen m\u00fcssen. Es sei nicht m\u00f6glich, f\u00fcr den \u00fcberraschend zur\u00fcckgetretenen Franz Welser-M\u00f6st schneller einen Ersatz zu finden.<\/span><\/p>\n<p>\u00a0<\/p>\n<p><span style=\"font-family: arial,helvetica,sans-serif; font-size: small;\"><strong>08.09.2015 &#8212; Der Wiener Staatsopern-Direktor Dominique Meyer hat \u00f6sterreichischen Medien gegen\u00fcber erkl\u00e4rt, sein Haus werde bis mindestens 2020 ohne Generalmusikdirektor auskommen m\u00fcssen. Es sei nicht m\u00f6glich, f\u00fcr den \u00fcberraschend zur\u00fcckgetretenen Franz Welser-M\u00f6st schneller einen Ersatz zu finden.<\/strong><\/span><\/p>\n<p>\u00a0<\/p>\n<p><span style=\"font-family: arial,helvetica,sans-serif; font-size: small;\">Man suche derzeit keinen neuen GMD, zitiert die Nachrichtenagentur APA Meyer, dessen Wiener Vertrag bis 2020 l\u00e4uft. Unterst\u00fctzt wird Meyer dabei von den Wiener Philharmonikern. Deren Vorstand Andreas Grossbauer erkl\u00e4rt, das Orchester sei nicht auf einen Musikdirektor angewiesen. Einer allf\u00e4lligen Vertragsverl\u00e4ngerung f\u00fcr den Direktor Meyers st\u00fcnde das Orchester aber positiv gegen\u00fcber.<em> (cf)<\/em> <\/span><\/p>\n<p>\u00a0<\/p>\n","protected":false},"excerpt":{"rendered":"<p><span style=\"font-family: arial,helvetica,sans-serif; font-size: small;\">08.09.2015 &#8212; Der Wiener Staatsopern-Direktor Dominique Meyer hat \u00f6sterreichischen Medien gegen\u00fcber erkl\u00e4rt, sein Haus werde bis mindestens 2020 ohne Generalmusikdirektor auskommen m\u00fcssen. Es sei nicht m\u00f6glich, f\u00fcr den \u00fcberraschend zur\u00fcckgetretenen Franz Welser-M\u00f6st schneller einen Ersatz zu finden.<\/span><\/p>\n","protected":false},"author":1,"featured_media":0,"comment_status":"open","ping_status":"open","sticky":false,"template":"","format":"standard","meta":{"footnotes":""},"categories":[2],"tags":[],"class_list":["post-2526","post","type-post","status-publish","format-standard","hentry","category-nachrichten","entry"],"_links":{"self":[{"href":"https:\/\/codexflores.ch\/index.php\/wp-json\/wp\/v2\/posts\/2526","targetHints":{"allow":["GET"]}}],"collection":[{"href":"https:\/\/codexflores.ch\/index.php\/wp-json\/wp\/v2\/posts"}],"about":[{"href":"https:\/\/codexflores.ch\/index.php\/wp-json\/wp\/v2\/types\/post"}],"author":[{"embeddable":true,"href":"https:\/\/codexflores.ch\/index.php\/wp-json\/wp\/v2\/users\/1"}],"replies":[{"embeddable":true,"href":"https:\/\/codexflores.ch\/index.php\/wp-json\/wp\/v2\/comments?post=2526"}],"version-history":[{"count":0,"href":"https:\/\/codexflores.ch\/index.php\/wp-json\/wp\/v2\/posts\/2526\/revisions"}],"wp:attachment":[{"href":"https:\/\/codexflores.ch\/index.php\/wp-json\/wp\/v2\/media?parent=2526"}],"wp:term":[{"taxonomy":"category","embeddable":true,"href":"https:\/\/codexflores.ch\/index.php\/wp-json\/wp\/v2\/categories?post=2526"},{"taxonomy":"post_tag","embeddable":true,"href":"https:\/\/codexflores.ch\/index.php\/wp-json\/wp\/v2\/tags?post=2526"}],"curies":[{"name":"wp","href":"https:\/\/api.w.org\/{rel}","templated":true}]}}