{"id":2527,"date":"2015-09-09T05:41:48","date_gmt":"2015-09-09T05:41:48","guid":{"rendered":"https:\/\/codexflores.ch\/index.php\/2015\/09\/09\/paavo-jaervi-mit-sibelius-medaille-geehrt\/"},"modified":"2015-09-09T05:41:48","modified_gmt":"2015-09-09T05:41:48","slug":"paavo-jaervi-mit-sibelius-medaille-geehrt","status":"publish","type":"post","link":"https:\/\/codexflores.ch\/index.php\/2015\/09\/09\/paavo-jaervi-mit-sibelius-medaille-geehrt\/","title":{"rendered":"Paavo J\u00e4rvi mit Sibelius-Medaille geehrt"},"content":{"rendered":"<p><span style=\"font-family: arial,helvetica,sans-serif; font-size: small;\">09.09.2015 &#8212; Nach Sir Simon Rattle erh\u00e4lt im Gedenkjahr zum 150. Geburtstag des finnischen Nationalkomponisten auch der estnische Dirigent Paavo J\u00e4rvi eine Sibelus-Medaille.<\/span><\/p>\n<p>\u00a0<\/p>\n<p><span style=\"font-family: arial,helvetica,sans-serif; font-size: small;\"><strong>09.09.2015 &#8212; Nach Sir Simon Rattle erh\u00e4lt im Gedenkjahr zum 150. Geburtstag des finnischen Nationalkomponisten auch der estnische Dirigent Paavo J\u00e4rvi eine Sibelus-Medaille.<\/strong><\/span><\/p>\n<p>\u00a0<\/p>\n<p><span style=\"font-family: arial,helvetica,sans-serif; font-size: small;\">Verliehen wird die Medaille von der Sibelius-Gesellschaft. J\u00e4rvi wird die Auszeichnung heute vom finnischen Botschfter in Paris im Rahmen eines Konzertauftrittes \u00fcberreicht. Das Orchestre de Paris spielt unter der Leitung J\u00e4rvis Sibelius&#8216; 5. Sinfonie.<\/span><\/p>\n<p>\u00a0<\/p>\n<p><span style=\"font-family: arial, helvetica, sans-serif; line-height: 1.3em;\"><span style=\"font-size: small;\">Die Sibelius-Gesellschaft ehrt mit der Auszeichnung den Einsatz J\u00e4rvis f\u00fcr die Musik von Sibelius speziell in Frankreich. So hat er \u2013 erstmalig f\u00fcr das Land <span style=\"line-height: 1.3em;\">\u2013 <\/span>s\u00e4mtliche Sibelius-Sinfonien mit dem Orchestre de France auf CD eingespielt. <em>(cf)<\/em><\/span><br \/><\/span><\/p>\n<p>\u00a0<\/p>\n<p>\u00a0<\/p>\n","protected":false},"excerpt":{"rendered":"<p><span style=\"font-family: arial,helvetica,sans-serif; font-size: small;\">09.09.2015 &#8212; Nach Sir Simon Rattle erh\u00e4lt im Gedenkjahr zum 150. Geburtstag des finnischen Nationalkomponisten auch der estnische Dirigent Paavo J\u00e4rvi eine Sibelus-Medaille.<\/span><\/p>\n","protected":false},"author":1,"featured_media":0,"comment_status":"open","ping_status":"open","sticky":false,"template":"","format":"standard","meta":{"footnotes":""},"categories":[2],"tags":[],"class_list":["post-2527","post","type-post","status-publish","format-standard","hentry","category-nachrichten","entry"],"_links":{"self":[{"href":"https:\/\/codexflores.ch\/index.php\/wp-json\/wp\/v2\/posts\/2527","targetHints":{"allow":["GET"]}}],"collection":[{"href":"https:\/\/codexflores.ch\/index.php\/wp-json\/wp\/v2\/posts"}],"about":[{"href":"https:\/\/codexflores.ch\/index.php\/wp-json\/wp\/v2\/types\/post"}],"author":[{"embeddable":true,"href":"https:\/\/codexflores.ch\/index.php\/wp-json\/wp\/v2\/users\/1"}],"replies":[{"embeddable":true,"href":"https:\/\/codexflores.ch\/index.php\/wp-json\/wp\/v2\/comments?post=2527"}],"version-history":[{"count":0,"href":"https:\/\/codexflores.ch\/index.php\/wp-json\/wp\/v2\/posts\/2527\/revisions"}],"wp:attachment":[{"href":"https:\/\/codexflores.ch\/index.php\/wp-json\/wp\/v2\/media?parent=2527"}],"wp:term":[{"taxonomy":"category","embeddable":true,"href":"https:\/\/codexflores.ch\/index.php\/wp-json\/wp\/v2\/categories?post=2527"},{"taxonomy":"post_tag","embeddable":true,"href":"https:\/\/codexflores.ch\/index.php\/wp-json\/wp\/v2\/tags?post=2527"}],"curies":[{"name":"wp","href":"https:\/\/api.w.org\/{rel}","templated":true}]}}