{"id":2531,"date":"2015-09-10T06:16:30","date_gmt":"2015-09-10T06:16:30","guid":{"rendered":"https:\/\/codexflores.ch\/index.php\/2015\/09\/10\/nicolas-altstaedt-wird-chefdirigent-der-haydn-philharmonie\/"},"modified":"2015-09-10T06:16:30","modified_gmt":"2015-09-10T06:16:30","slug":"nicolas-altstaedt-wird-chefdirigent-der-haydn-philharmonie","status":"publish","type":"post","link":"https:\/\/codexflores.ch\/index.php\/2015\/09\/10\/nicolas-altstaedt-wird-chefdirigent-der-haydn-philharmonie\/","title":{"rendered":"Nicolas Altstaedt wird Chefdirigent der Haydn Philharmonie"},"content":{"rendered":"<p><span style=\"font-family: arial,helvetica,sans-serif; font-size: small;\">10.09.2015 &#8211; Der Cellist Nicolas Altstaedt wird als Nachfolger Adam Fischers Chefdirigent der \u00d6sterreichisch-Ungarischen Haydn Philharmonie. Fischer wird dem Ensemble als Ehrendirigent bei den von ihm mitbegr\u00fcndeten Internationalen Haydntagen und einzelnen Konzertprojekten verbunden bleiben.<\/span><\/p>\n<p><span style=\"font-family: arial,helvetica,sans-serif; font-size: small;\"><strong>10.09.2015 &#8211; Der Cellist Nicolas Altstaedt wird als Nachfolger Adam Fischers Chefdirigent der \u00d6sterreichisch-Ungarischen Haydn Philharmonie. Fischer wird dem Ensemble als Ehrendirigent bei den von ihm mitbegr\u00fcndeten Internationalen Haydntagen und einzelnen Konzertprojekten verbunden bleiben.<\/strong><\/span><\/p>\n<p><span style=\"font-family: arial,helvetica,sans-serif; font-size: small;\">\u00a0<\/span><\/p>\n<p><span style=\"font-family: arial,helvetica,sans-serif; font-size: small;\">Fischer gibt die Leitung des von ihm gegr\u00fcndeten Ensembles nach rund 30 Jahren auf die Saison 15\/16 ab. Nicolas Altstaedt amtete in der vergangenen Saison bereits als Artist in residence des Orchesters. Gleichzeitig wurde der Vertrag des Gesch\u00e4ftf\u00fchrers G\u00e9za Rhomberg verl\u00e4ngert.<\/span><\/p>\n<p><span style=\"font-family: arial,helvetica,sans-serif; font-size: small;\">\u00a0<\/span><\/p>\n<p><span style=\"font-family: arial,helvetica,sans-serif; font-size: small;\">Altstaedt ist mit der Schweiz eng verbunden. 2010 ist er im Rahmen des Lucerne Festivals mit dem Credit Suisse Young Artist Award ausgezeichnet worden. Er spielte die Schweizer Erstauff\u00fchrung des Cellokonzertes von Georg Friedrich Haas in Basel, und mit der Camerata Bern gibt er Konzerte, bei denen er das gesamte Programm leitet. F\u00fcr das Musikkollegium Winterthur kuratierte er 2014\/15 eine ganze Serie von Kammermusikkonzerten. <em>(cf)<\/em><\/span> <\/p>\n","protected":false},"excerpt":{"rendered":"<p><span style=\"font-family: arial,helvetica,sans-serif; font-size: small;\">10.09.2015 &#8211; Der Cellist Nicolas Altstaedt wird als Nachfolger Adam Fischers Chefdirigent der \u00d6sterreichisch-Ungarischen Haydn Philharmonie. Fischer wird dem Ensemble als Ehrendirigent bei den von ihm mitbegr\u00fcndeten Internationalen Haydntagen und einzelnen Konzertprojekten verbunden bleiben.<\/span><\/p>\n","protected":false},"author":1,"featured_media":0,"comment_status":"open","ping_status":"open","sticky":false,"template":"","format":"standard","meta":{"footnotes":""},"categories":[2],"tags":[],"class_list":["post-2531","post","type-post","status-publish","format-standard","hentry","category-nachrichten","entry"],"_links":{"self":[{"href":"https:\/\/codexflores.ch\/index.php\/wp-json\/wp\/v2\/posts\/2531","targetHints":{"allow":["GET"]}}],"collection":[{"href":"https:\/\/codexflores.ch\/index.php\/wp-json\/wp\/v2\/posts"}],"about":[{"href":"https:\/\/codexflores.ch\/index.php\/wp-json\/wp\/v2\/types\/post"}],"author":[{"embeddable":true,"href":"https:\/\/codexflores.ch\/index.php\/wp-json\/wp\/v2\/users\/1"}],"replies":[{"embeddable":true,"href":"https:\/\/codexflores.ch\/index.php\/wp-json\/wp\/v2\/comments?post=2531"}],"version-history":[{"count":0,"href":"https:\/\/codexflores.ch\/index.php\/wp-json\/wp\/v2\/posts\/2531\/revisions"}],"wp:attachment":[{"href":"https:\/\/codexflores.ch\/index.php\/wp-json\/wp\/v2\/media?parent=2531"}],"wp:term":[{"taxonomy":"category","embeddable":true,"href":"https:\/\/codexflores.ch\/index.php\/wp-json\/wp\/v2\/categories?post=2531"},{"taxonomy":"post_tag","embeddable":true,"href":"https:\/\/codexflores.ch\/index.php\/wp-json\/wp\/v2\/tags?post=2531"}],"curies":[{"name":"wp","href":"https:\/\/api.w.org\/{rel}","templated":true}]}}