{"id":2535,"date":"2015-09-11T11:24:18","date_gmt":"2015-09-11T11:24:18","guid":{"rendered":"https:\/\/codexflores.ch\/index.php\/2015\/09\/11\/bilanz-von-lucerne-festival-im-sommer-2015\/"},"modified":"2015-09-11T11:24:18","modified_gmt":"2015-09-11T11:24:18","slug":"bilanz-von-lucerne-festival-im-sommer-2015","status":"publish","type":"post","link":"https:\/\/codexflores.ch\/index.php\/2015\/09\/11\/bilanz-von-lucerne-festival-im-sommer-2015\/","title":{"rendered":"Bilanz von Lucerne Festival im Sommer 2015"},"content":{"rendered":"<p><span style=\"font-family: arial,helvetica,sans-serif; font-size: small;\">11.09.2015 &#8212; Die Ausgabe 2015 von Lucerne Festival endet mit einer Gesamt-Eintrittszahl von 78\u02bc600, das entspricht zwei Prozent weniger als im Vorjahr. Die Besucher kamen aus 46 L\u00e4ndern. Die 99 Verkaufsveranstaltungen waren mit 64\u02bc600 Eintritten zu 90 Prozent ausgelastet.<\/span><\/p>\n<p><span style=\"font-family: arial,helvetica,sans-serif; font-size: small;\"><strong>11.09.2015 &#8212; Die Ausgabe 2015 von Lucerne Festival endet mit einer Gesamt-Eintrittszahl von 78\u02bc600, das entspricht zwei Prozent weniger als im Vorjahr. Die Besucher kamen aus 46 L\u00e4ndern. Die 99 Verkaufsveranstaltungen waren mit 64\u02bc600 Eintritten zu 90 Prozent ausgelastet.<\/strong><\/span><\/p>\n<p><span style=\"font-family: arial,helvetica,sans-serif; font-size: small;\">\u00a0<\/span><\/p>\n<p><span style=\"font-family: arial,helvetica,sans-serif; font-size: small;\">Das diesj\u00e4hrige Programm von Lucerne Festival im Sommer stand unter dem Thema \u00abHumor\u00bb und bot vom 14. August bis 13. September insgesamt rund 130 k\u00fcnstlerische Zahl- und Gratisveranstaltungen. 18 Konzerte waren ausverkauft, darunter beide Konzerte des Chamber Orchestra of Europe mit Bernard Haitink, das Royal Concertgebouw Orchestra Amsterdam, der Abend der Berliner Philhar\u00admoniker, beide Konzerte der St. Petersburger Philharmoniker, die Late Night mit Andreas Schaerers Band Hildegard lernt Fliegen und dem Orchester der\u00a0Lucerne Festival Academy.<\/span><\/p>\n<p><span style=\"font-family: arial,helvetica,sans-serif; font-size: small;\">\u00a0<\/span><\/p>\n<p><span style=\"font-family: arial,helvetica,sans-serif; font-size: small;\">Die 27 Gratisveranstaltungen verzeichneten 14\u02bc000 Besucher, das sind rund vier Prozent mehr als im Vorjahr. 18 der 62 grossen Konzerte waren ausverkauft, zus\u00e4tzlich verzeichneten 19 Konzerte eine Auslastung von 90 Prozent und mehr. Die f\u00fcnf Konzerte der Reihe \u00abModerne\u00bb waren zu 71 Prozent ausgelastet. Die sieben Deb\u00fct-Konzerte von Nachwuchsk\u00fcnstlern, unter anderem des Gewinners des \u00abPrix Credit Suisse Jeunes Solistes\u00bb Vojin Koci\u0107, waren zu 90 Prozent ausgelastet. Insgesamt erklangen 15 Urauf\u00adf\u00fchrungen zeitgen\u00f6ssischer Komponisten, darunter die Werke der ersten Ausgabe der Roche Young Commissions 2015 von Samy Moussa und Piotr Peszat. <\/span><\/p>\n<p>\u00a0<\/p>\n<p><span style=\"font-family: arial,helvetica,sans-serif; font-size: small;\">Die 21 Familien- und Jugendkonzerte der Reihe \u00abYoung\u00bb waren mit insgesamt 82 Prozent Auslas\u00adtung sehr gut besucht. 16 Termine waren ausverkauft. Die 15 Schulveranstaltungen besuchten insgesamt rund 2000 Sch\u00fclerinnen und Sch\u00fcler. Die mit dem Junge Ohren Preis 2014 ausgezeichnete Reihe Lucerne Festival Young Performance geht im Fr\u00fchjahr 2016 auf Schweiz-Tournee nach Baden, Thun, Bern, Biel, Winterthur und Solothurn. <\/span><\/p>\n<p>\u00a0<\/p>\n<p><span style=\"font-family: arial,helvetica,sans-serif; font-size: small;\">Beliebt mit rund 5000 Interessierten war auch das Festival \u00abIn den Strassen\u00bb mit acht Weltmusik-Ensembles. Rund 600 Besucher fanden sich ein zu den drei Konzerten an der Freiluft-Bar auf dem Inseli \u00abZu Gast bei der Buvette\u00bb. <em>(pd)\u00a0<\/em><\/span> <\/p>\n","protected":false},"excerpt":{"rendered":"<p><span style=\"font-family: arial,helvetica,sans-serif; font-size: small;\">11.09.2015 &#8212; Die Ausgabe 2015 von Lucerne Festival endet mit einer Gesamt-Eintrittszahl von 78\u02bc600, das entspricht zwei Prozent weniger als im Vorjahr. Die Besucher kamen aus 46 L\u00e4ndern. Die 99 Verkaufsveranstaltungen waren mit 64\u02bc600 Eintritten zu 90 Prozent ausgelastet.<\/span><\/p>\n","protected":false},"author":1,"featured_media":0,"comment_status":"open","ping_status":"open","sticky":false,"template":"","format":"standard","meta":{"footnotes":""},"categories":[2],"tags":[],"class_list":["post-2535","post","type-post","status-publish","format-standard","hentry","category-nachrichten","entry"],"_links":{"self":[{"href":"https:\/\/codexflores.ch\/index.php\/wp-json\/wp\/v2\/posts\/2535","targetHints":{"allow":["GET"]}}],"collection":[{"href":"https:\/\/codexflores.ch\/index.php\/wp-json\/wp\/v2\/posts"}],"about":[{"href":"https:\/\/codexflores.ch\/index.php\/wp-json\/wp\/v2\/types\/post"}],"author":[{"embeddable":true,"href":"https:\/\/codexflores.ch\/index.php\/wp-json\/wp\/v2\/users\/1"}],"replies":[{"embeddable":true,"href":"https:\/\/codexflores.ch\/index.php\/wp-json\/wp\/v2\/comments?post=2535"}],"version-history":[{"count":0,"href":"https:\/\/codexflores.ch\/index.php\/wp-json\/wp\/v2\/posts\/2535\/revisions"}],"wp:attachment":[{"href":"https:\/\/codexflores.ch\/index.php\/wp-json\/wp\/v2\/media?parent=2535"}],"wp:term":[{"taxonomy":"category","embeddable":true,"href":"https:\/\/codexflores.ch\/index.php\/wp-json\/wp\/v2\/categories?post=2535"},{"taxonomy":"post_tag","embeddable":true,"href":"https:\/\/codexflores.ch\/index.php\/wp-json\/wp\/v2\/tags?post=2535"}],"curies":[{"name":"wp","href":"https:\/\/api.w.org\/{rel}","templated":true}]}}