{"id":2536,"date":"2015-09-14T06:04:50","date_gmt":"2015-09-14T06:04:50","guid":{"rendered":"https:\/\/codexflores.ch\/index.php\/2015\/09\/14\/sebastian-jacot-ard-musikwettbwerb-gewinner\/"},"modified":"2015-09-14T06:04:50","modified_gmt":"2015-09-14T06:04:50","slug":"sebastian-jacot-ard-musikwettbwerb-gewinner","status":"publish","type":"post","link":"https:\/\/codexflores.ch\/index.php\/2015\/09\/14\/sebastian-jacot-ard-musikwettbwerb-gewinner\/","title":{"rendered":"S\u00e9bastian Jacot ARD-Musikwettbewerb-Gewinner"},"content":{"rendered":"<p><span style=\"font-family: arial,helvetica,sans-serif; font-size: small;\">14.09.2015 &#8212; Der Schweizer Fl\u00f6tist S\u00e9bastian Jacot hat im ARD-Musikwettbewerb 2015 in seinem Fach den ersten Preis gewonnen. Der Spanier Francisco L\u00f3pez Mart\u00edn ist mit dem zweiten Preis und dem Publikumspreis ausgezeichnet worden. Dritter wurde sein Landsmann Eduardo Belmar.<\/span><\/p>\n<p><strong><span style=\"font-family: arial,helvetica,sans-serif; font-size: small;\">14.09.2015 &#8212; Der Schweizer Fl\u00f6tist S\u00e9bastian Jacot hat im ARD-Musikwettbewerb 2015 in seinem Fach den ersten Preis gewonnen. Der Spanier Francisco L\u00f3pez Mart\u00edn ist mit dem zweiten Preis und dem Publikumspreis ausgezeichnet worden. Dritter wurde sein Landsmann Eduardo Belmar.<\/span><\/strong><\/p>\n<p><span style=\"font-family: arial,helvetica,sans-serif; font-size: small;\">\u00a0<\/span><\/p>\n<p><span style=\"font-family: arial,helvetica,sans-serif; font-size: small;\">Im Fach Posaune \u00fcberzeugte der erst 22-j\u00e4hrige Brite Michael Buchanan die Jury mit seiner Interpretation des Concertino f\u00fcr Posaune und Orchester Es-Dur op. 4 von Ferdinand David und errang den ersten Preis sowie den Publikumspreis. Der zweite Preis ging an den Franzosen Jonathan Reith. Guilhem Kusnierek aus Frankreich wurde mit dem dritten Preis ausgezeichnet.<\/span><\/p>\n<p>\u00a0<\/p>\n<p><span style=\"font-family: arial,helvetica,sans-serif; font-size: small;\">Beim Finale im Fach Klavierduo errang das Alina Shalamova &amp; Nikolay Shalamov Piano Duo den ersten Preis sowie den Publikumspreis mit seiner Interpretation des Konzertes f\u00fcr zwei Klaviere und Orchester Es-Dur KV 365 von Wolfgang Amadeus Mozart. Der zweite Preis wurde zwei Mal verliehen und ging sowohl an das Duo Ani und Nia Sulkhanishvili aus Georgien als auch an Sangwook Park und Mijung Shin vom Duo ShinPark aus S\u00fcdkorea. Das Duo Lok Ping und Lok Ting Chau aus Hong Kong bekam den dritten Preis.<\/span><\/p>\n<p>\u00a0<\/p>\n<p><span style=\"font-family: arial,helvetica,sans-serif; font-size: small;\">Im Fach Gesang erkannte die Jury Emalie Savoy aus den USA den ersten Preis zu. Der zweite Preis ging an Sooyeon Lee aus S\u00fcdkorea, die sich auch \u00fcber den Publikumspreis freuen durfte. Der dritte Preis wurde Marion Lebegue aus Frankreich zugesprochen.<em> (pd)<\/em>\u00a0<\/span><\/p>\n<p><span style=\"font-family: arial,helvetica,sans-serif; font-size: small;\">\u00a0<\/span><\/p>\n","protected":false},"excerpt":{"rendered":"<p><span style=\"font-family: arial,helvetica,sans-serif; font-size: small;\">14.09.2015 &#8212; Der Schweizer Fl\u00f6tist S\u00e9bastian Jacot hat im ARD-Musikwettbewerb 2015 in seinem Fach den ersten Preis gewonnen. Der Spanier Francisco L\u00f3pez Mart\u00edn ist mit dem zweiten Preis und dem Publikumspreis ausgezeichnet worden. Dritter wurde sein Landsmann Eduardo Belmar.<\/span><\/p>\n","protected":false},"author":1,"featured_media":0,"comment_status":"open","ping_status":"open","sticky":false,"template":"","format":"standard","meta":{"footnotes":""},"categories":[2],"tags":[],"class_list":["post-2536","post","type-post","status-publish","format-standard","hentry","category-nachrichten","entry"],"_links":{"self":[{"href":"https:\/\/codexflores.ch\/index.php\/wp-json\/wp\/v2\/posts\/2536","targetHints":{"allow":["GET"]}}],"collection":[{"href":"https:\/\/codexflores.ch\/index.php\/wp-json\/wp\/v2\/posts"}],"about":[{"href":"https:\/\/codexflores.ch\/index.php\/wp-json\/wp\/v2\/types\/post"}],"author":[{"embeddable":true,"href":"https:\/\/codexflores.ch\/index.php\/wp-json\/wp\/v2\/users\/1"}],"replies":[{"embeddable":true,"href":"https:\/\/codexflores.ch\/index.php\/wp-json\/wp\/v2\/comments?post=2536"}],"version-history":[{"count":0,"href":"https:\/\/codexflores.ch\/index.php\/wp-json\/wp\/v2\/posts\/2536\/revisions"}],"wp:attachment":[{"href":"https:\/\/codexflores.ch\/index.php\/wp-json\/wp\/v2\/media?parent=2536"}],"wp:term":[{"taxonomy":"category","embeddable":true,"href":"https:\/\/codexflores.ch\/index.php\/wp-json\/wp\/v2\/categories?post=2536"},{"taxonomy":"post_tag","embeddable":true,"href":"https:\/\/codexflores.ch\/index.php\/wp-json\/wp\/v2\/tags?post=2536"}],"curies":[{"name":"wp","href":"https:\/\/api.w.org\/{rel}","templated":true}]}}