{"id":2537,"date":"2015-09-14T06:13:53","date_gmt":"2015-09-14T06:13:53","guid":{"rendered":"https:\/\/codexflores.ch\/index.php\/2015\/09\/14\/bilanz-des-musikfestivals-bern-2015\/"},"modified":"2015-09-14T06:13:53","modified_gmt":"2015-09-14T06:13:53","slug":"bilanz-des-musikfestivals-bern-2015","status":"publish","type":"post","link":"https:\/\/codexflores.ch\/index.php\/2015\/09\/14\/bilanz-des-musikfestivals-bern-2015\/","title":{"rendered":"Bilanz des Musikfestivals Bern 2015"},"content":{"rendered":"<p><span style=\"font-family: arial,helvetica,sans-serif; font-size: small;\">14.09.2015 &#8212; Das Musikfestival Bern 2015 hat unter dem Motto \u00abUrknall\u00bb in 11 Tagen an 12 Spielst\u00e4tten und 20 Projekten mit 60 Auff\u00fchrungen rund 6000 Eintritte generiert; realisiert worden sind elf Urauff\u00fchrungen sowie neun Schweizer oder europ\u00e4ische Erstauff\u00fchrungen.<\/span><\/p>\n<p><span style=\"font-family: arial,helvetica,sans-serif; font-size: small;\"><strong>14.09.2015 &#8212; Das Musikfestival Bern 2015 hat unter dem Motto \u00abUrknall\u00bb in 11 Tagen an 12 Spielst\u00e4tten und 20 Projekten mit 60 Auff\u00fchrungen rund 6000 Eintritte generiert; realisiert worden sind elf Urauff\u00fchrungen sowie neun Schweizer oder europ\u00e4ische Erstauff\u00fchrungen.<\/strong><\/span><\/p>\n<p>\u00a0<\/p>\n<p><span style=\"font-family: arial,helvetica,sans-serif; font-size: small;\">Die diesj\u00e4hrigen Artists in Residence Brian Archinal und das Ensemble This I Ensemble That waren an<\/span><br \/><span style=\"font-family: arial,helvetica,sans-serif; font-size: small;\">zahlreichen Projekten des Festivals beteiligt. Sie waren gemeinsam und als Solisten bei Klangkunst-Aktionen und in Live-Installationen zu h\u00f6ren und spielten in diversen Urauff\u00fchrungen. Sie waren aktiv bei der Mitgestaltung des Programms involviert, und ihre Pr\u00e4senz zog sich als roter Faden durch das Programm.<\/span><\/p>\n<p>\u00a0<\/p>\n<p><span style=\"font-family: arial,helvetica,sans-serif; font-size: small;\">Das Zweijahres-Budget 2014\/15 des Musikfestivasl Bern belief sich auf rund 575&#8217;000 Franken. Die Eigenleistungen <\/span><span style=\"font-family: arial,helvetica,sans-serif; font-size: small;\">der beteiligten Partnerinstitutionen und -ensembles betrug rund 770&#8217;000 Franken. Die sechste Ausgabe des Musikfestival Bern wird im Herbst 2017 stattfinden. Im Auftrag des Festivalvorstandes hat Roman Brotbeck mit einer Projektgruppe das Konzept des Musikfestivals Bern weiterentwickelt. Der entsprechende Bericht wird in den kommenden Wochen den politischen Beh\u00f6rden und den Festivalgremien vorgelegt. <em>(cf)<\/em><\/span><\/p>\n","protected":false},"excerpt":{"rendered":"<p><span style=\"font-family: arial,helvetica,sans-serif; font-size: small;\">14.09.2015 &#8212; Das Musikfestival Bern 2015 hat unter dem Motto \u00abUrknall\u00bb in 11 Tagen an 12 Spielst\u00e4tten und 20 Projekten mit 60 Auff\u00fchrungen rund 6000 Eintritte generiert; realisiert worden sind elf Urauff\u00fchrungen sowie neun Schweizer oder europ\u00e4ische Erstauff\u00fchrungen.<\/span><\/p>\n","protected":false},"author":1,"featured_media":0,"comment_status":"open","ping_status":"open","sticky":false,"template":"","format":"standard","meta":{"footnotes":""},"categories":[2],"tags":[],"class_list":["post-2537","post","type-post","status-publish","format-standard","hentry","category-nachrichten","entry"],"_links":{"self":[{"href":"https:\/\/codexflores.ch\/index.php\/wp-json\/wp\/v2\/posts\/2537","targetHints":{"allow":["GET"]}}],"collection":[{"href":"https:\/\/codexflores.ch\/index.php\/wp-json\/wp\/v2\/posts"}],"about":[{"href":"https:\/\/codexflores.ch\/index.php\/wp-json\/wp\/v2\/types\/post"}],"author":[{"embeddable":true,"href":"https:\/\/codexflores.ch\/index.php\/wp-json\/wp\/v2\/users\/1"}],"replies":[{"embeddable":true,"href":"https:\/\/codexflores.ch\/index.php\/wp-json\/wp\/v2\/comments?post=2537"}],"version-history":[{"count":0,"href":"https:\/\/codexflores.ch\/index.php\/wp-json\/wp\/v2\/posts\/2537\/revisions"}],"wp:attachment":[{"href":"https:\/\/codexflores.ch\/index.php\/wp-json\/wp\/v2\/media?parent=2537"}],"wp:term":[{"taxonomy":"category","embeddable":true,"href":"https:\/\/codexflores.ch\/index.php\/wp-json\/wp\/v2\/categories?post=2537"},{"taxonomy":"post_tag","embeddable":true,"href":"https:\/\/codexflores.ch\/index.php\/wp-json\/wp\/v2\/tags?post=2537"}],"curies":[{"name":"wp","href":"https:\/\/api.w.org\/{rel}","templated":true}]}}