{"id":2540,"date":"2015-09-15T05:43:53","date_gmt":"2015-09-15T05:43:53","guid":{"rendered":"https:\/\/codexflores.ch\/index.php\/2015\/09\/15\/winkelman-werk-an-den-iscm-world-music-days\/"},"modified":"2015-09-15T05:43:53","modified_gmt":"2015-09-15T05:43:53","slug":"winkelman-werk-an-den-iscm-world-music-days","status":"publish","type":"post","link":"https:\/\/codexflores.ch\/index.php\/2015\/09\/15\/winkelman-werk-an-den-iscm-world-music-days\/","title":{"rendered":"Winkelman-Werk an den ISCM World Music Days"},"content":{"rendered":"<p><span style=\"font-family: arial,helvetica,sans-serif; font-size: small;\">15.09.2015 &#8212; \u00abBandes dessin\u00e9es\u00bb f\u00fcr Streichorchester der Schweizerin Helena Winkelman ist von der Jury der ISCM World Music Days 2015 als Schweizer Vertretung des Festivals gek\u00fcrt worden und wird am 27. September vom RTV Slovenia Symphony Orchestra am Er\u00f6ffnungskonzert der ISCM World Music Days in der Staatlichen Philharmonie in Ljubljana gespielt.<\/span><\/p>\n<p><span style=\"font-family: arial,helvetica,sans-serif; font-size: small;\"><strong>15.09.2015 &#8212; \u00abBandes dessin\u00e9es\u00bb f\u00fcr Streichorchester der Schweizerin Helena Winkelman ist von der Jury der ISCM World Music Days 2015 als Schweizer Vertretung des Festivals gek\u00fcrt worden und wird am 27. September vom RTV Slovenia Symphony Orchestra am Er\u00f6ffnungskonzert der ISCM World Music Days in der Staatlichen Philharmonie in Ljubljana gespielt.<\/strong><\/span><\/p>\n<p><span style=\"font-family: arial,helvetica,sans-serif; font-size: small;\">\u00a0<\/span><\/p>\n<p><span style=\"font-family: arial,helvetica,sans-serif; font-size: small;\">An der zeitgleich mit den Weltmusiktagen stattfindenden Generalversammlung der ISCM (International Society for Contemporary Music) wird die IGNM Schweiz (Internationalen Gesellschaft f\u00fcr Neue Musik) in einem Kurzreferat das Schweizer F\u00f6rderprogramm Oeuvres Suisses der internationalen Gemeinschaft vorstellen. Die ISCM World Music Days ist das j\u00e4hrlich stattfindende Festival der 1922 in Salzburg gegr\u00fcndeten ISCM.<\/span><\/p>\n<p>\u00a0<\/p>\n<p><span style=\"font-family: arial,helvetica,sans-serif; font-size: small;\"> Die zur Auswahl stehenden Werke werden von 65 Sektionen eingereicht und der Festivaljury unterbreitet. Die Eingaben der Schweizer Gesellschaft f\u00fcr Neue Musik (SGNM\/SSMC) koordiniert ihr Vizepr\u00e4sident Nicolas Farine. F\u00fcr die World Music Days 2016 in Tongyeong (Korea) sind Werke der folgenden Schweizer Komponisten nominiert: David Sonton Caflisch, Max E. Keller, Nicolas Bolens, Claude Berset, Ulrike Mayer-Spohn und Anda Kryeziu. <\/span><\/p>\n<p>\u00a0<\/p>\n<p><span style=\"font-family: arial,helvetica,sans-serif; font-size: small;\">Ausserdem wurde Denis Schuler aufgrund seiner erfolgreichen Festivalpr\u00e4senz an den\u00a0World Music Days 2014 in Wroclaw und der Vermittlung des SGNM-Pr\u00e4sidenten Javier Hagen in die Datenbank des franz\u00f6sischen Musikinformationszentrums CDMC (Centre de documentation de la musique contemporaine) in Paris aufgenommen. <em>(pd)<\/em><\/span><\/p>\n<p>\u00a0<\/p>\n","protected":false},"excerpt":{"rendered":"<p><span style=\"font-family: arial,helvetica,sans-serif; font-size: small;\">15.09.2015 &#8212; \u00abBandes dessin\u00e9es\u00bb f\u00fcr Streichorchester der Schweizerin Helena Winkelman ist von der Jury der ISCM World Music Days 2015 als Schweizer Vertretung des Festivals gek\u00fcrt worden und wird am 27. September vom RTV Slovenia Symphony Orchestra am Er\u00f6ffnungskonzert der ISCM World Music Days in der Staatlichen Philharmonie in Ljubljana gespielt.<\/span><\/p>\n","protected":false},"author":1,"featured_media":0,"comment_status":"open","ping_status":"open","sticky":false,"template":"","format":"standard","meta":{"footnotes":""},"categories":[2],"tags":[],"class_list":["post-2540","post","type-post","status-publish","format-standard","hentry","category-nachrichten","entry"],"_links":{"self":[{"href":"https:\/\/codexflores.ch\/index.php\/wp-json\/wp\/v2\/posts\/2540","targetHints":{"allow":["GET"]}}],"collection":[{"href":"https:\/\/codexflores.ch\/index.php\/wp-json\/wp\/v2\/posts"}],"about":[{"href":"https:\/\/codexflores.ch\/index.php\/wp-json\/wp\/v2\/types\/post"}],"author":[{"embeddable":true,"href":"https:\/\/codexflores.ch\/index.php\/wp-json\/wp\/v2\/users\/1"}],"replies":[{"embeddable":true,"href":"https:\/\/codexflores.ch\/index.php\/wp-json\/wp\/v2\/comments?post=2540"}],"version-history":[{"count":0,"href":"https:\/\/codexflores.ch\/index.php\/wp-json\/wp\/v2\/posts\/2540\/revisions"}],"wp:attachment":[{"href":"https:\/\/codexflores.ch\/index.php\/wp-json\/wp\/v2\/media?parent=2540"}],"wp:term":[{"taxonomy":"category","embeddable":true,"href":"https:\/\/codexflores.ch\/index.php\/wp-json\/wp\/v2\/categories?post=2540"},{"taxonomy":"post_tag","embeddable":true,"href":"https:\/\/codexflores.ch\/index.php\/wp-json\/wp\/v2\/tags?post=2540"}],"curies":[{"name":"wp","href":"https:\/\/api.w.org\/{rel}","templated":true}]}}