{"id":2542,"date":"2015-09-16T05:32:24","date_gmt":"2015-09-16T05:32:24","guid":{"rendered":"https:\/\/codexflores.ch\/index.php\/2015\/09\/16\/gruendung-eines-netzwerkes-maedchenchoere\/"},"modified":"2015-09-16T05:32:24","modified_gmt":"2015-09-16T05:32:24","slug":"gruendung-eines-netzwerkes-maedchenchoere","status":"publish","type":"post","link":"https:\/\/codexflores.ch\/index.php\/2015\/09\/16\/gruendung-eines-netzwerkes-maedchenchoere\/","title":{"rendered":"Gr\u00fcndung eines Netzwerkes M\u00e4dchench\u00f6re"},"content":{"rendered":"<p><span style=\"font-family: arial,helvetica,sans-serif; font-size: small;\">16.09.2015 &#8212; in Basel ist ein Netzwerk f\u00fcr M\u00e4dchench\u00f6re aus der Schweiz, \u00d6sterreich und Deutschland gegr\u00fcndet worden. Die Initiative besteht aus Chorleitenden und Gesch\u00e4ftsf\u00fchrenden von M\u00e4dchench\u00f6ren aus dem deutschsprachigen Raum.<\/span><\/p>\n<p>\u00a0<\/p>\n<p><span style=\"font-family: arial,helvetica,sans-serif; font-size: small;\"><strong>16.09.2015 &#8212; in Basel ist ein Netzwerk f\u00fcr M\u00e4dchench\u00f6re aus der Schweiz, \u00d6sterreich und Deutschland gegr\u00fcndet worden. Die Initiative besteht aus Chorleitenden und Gesch\u00e4ftsf\u00fchrenden von M\u00e4dchench\u00f6ren aus dem deutschsprachigen Raum.<\/strong><\/span><\/p>\n<p>\u00a0<\/p>\n<p><span style=\"font-family: arial,helvetica,sans-serif; font-size: small;\">Ziel der neuen Gruppe ist eine verst\u00e4rkte Vernetzung untereinander und eine bessere Kommunikation der Anliegen von M\u00e4dchench\u00f6ren. Das Netzwerk m\u00f6chte \u00abdie St\u00e4rken des weiblichen S\u00e4ngernachwuchses pr\u00e4sentieren und auf die <\/span><span style=\"font-family: arial,helvetica,sans-serif; font-size: small;\">vielerorts bestehende Ungleichbehandlung von Knaben- und M\u00e4dchench\u00f6ren aufmerksam machen\u00bb. <\/span><\/p>\n<p>\u00a0<\/p>\n<p><span style=\"font-family: arial,helvetica,sans-serif; font-size: small;\">Die Gruppe steht allen interessierten F\u00fchrungskr\u00e4ften aus dem Sektor offen, ein Folgetreffen ist\u00a0 f\u00fcr Februar 2016 geplant.\u00a0<em> (cf)<\/em><\/span><\/p>\n<p><span style=\"font-family: arial,helvetica,sans-serif; font-size: small;\"><strong>Infos:<\/strong> <\/span><br \/><span style=\"font-family: arial,helvetica,sans-serif; font-size: small;\"><a class=\"moz-txt-link-abbreviated\" href=\"mailto:afintelmann@maedchenkantorei.ch\">afintelmann@maedchenkantorei.ch<\/a><\/span><\/p>\n<p>\u00a0<\/p>\n","protected":false},"excerpt":{"rendered":"<p><span style=\"font-family: arial,helvetica,sans-serif; font-size: small;\">16.09.2015 &#8212; in Basel ist ein Netzwerk f\u00fcr M\u00e4dchench\u00f6re aus der Schweiz, \u00d6sterreich und Deutschland gegr\u00fcndet worden. Die Initiative besteht aus Chorleitenden und Gesch\u00e4ftsf\u00fchrenden von M\u00e4dchench\u00f6ren aus dem deutschsprachigen Raum.<\/span><\/p>\n","protected":false},"author":1,"featured_media":0,"comment_status":"open","ping_status":"open","sticky":false,"template":"","format":"standard","meta":{"footnotes":""},"categories":[2],"tags":[],"class_list":["post-2542","post","type-post","status-publish","format-standard","hentry","category-nachrichten","entry"],"_links":{"self":[{"href":"https:\/\/codexflores.ch\/index.php\/wp-json\/wp\/v2\/posts\/2542","targetHints":{"allow":["GET"]}}],"collection":[{"href":"https:\/\/codexflores.ch\/index.php\/wp-json\/wp\/v2\/posts"}],"about":[{"href":"https:\/\/codexflores.ch\/index.php\/wp-json\/wp\/v2\/types\/post"}],"author":[{"embeddable":true,"href":"https:\/\/codexflores.ch\/index.php\/wp-json\/wp\/v2\/users\/1"}],"replies":[{"embeddable":true,"href":"https:\/\/codexflores.ch\/index.php\/wp-json\/wp\/v2\/comments?post=2542"}],"version-history":[{"count":0,"href":"https:\/\/codexflores.ch\/index.php\/wp-json\/wp\/v2\/posts\/2542\/revisions"}],"wp:attachment":[{"href":"https:\/\/codexflores.ch\/index.php\/wp-json\/wp\/v2\/media?parent=2542"}],"wp:term":[{"taxonomy":"category","embeddable":true,"href":"https:\/\/codexflores.ch\/index.php\/wp-json\/wp\/v2\/categories?post=2542"},{"taxonomy":"post_tag","embeddable":true,"href":"https:\/\/codexflores.ch\/index.php\/wp-json\/wp\/v2\/tags?post=2542"}],"curies":[{"name":"wp","href":"https:\/\/api.w.org\/{rel}","templated":true}]}}