{"id":2544,"date":"2015-09-17T05:39:04","date_gmt":"2015-09-17T05:39:04","guid":{"rendered":"https:\/\/codexflores.ch\/index.php\/2015\/09\/17\/mazura-erhaelt-faust-fuer-das-lebenswerk\/"},"modified":"2015-09-17T05:39:04","modified_gmt":"2015-09-17T05:39:04","slug":"mazura-erhaelt-faust-fuer-das-lebenswerk","status":"publish","type":"post","link":"https:\/\/codexflores.ch\/index.php\/2015\/09\/17\/mazura-erhaelt-faust-fuer-das-lebenswerk\/","title":{"rendered":"Mazura erh\u00e4lt Faust f\u00fcr das Lebenswerk"},"content":{"rendered":"<p><span style=\"font-family: arial,helvetica,sans-serif; font-size: small;\">17.09.2015 &#8212; Der noch immer aktive 91-j\u00e4hrige Kammers\u00e4nger Franz Mazura erh\u00e4lt in diesem Jahr beim Deutschen Theaterpreis Der Faust den Preis f\u00fcr das Lebenswerk.<\/span><\/p>\n<p><span style=\"font-family: arial,helvetica,sans-serif; font-size: small;\"><strong>17.09.2015 &#8212; Der noch immer aktive 91-j\u00e4hrige Kammers\u00e4nger Franz Mazura erh\u00e4lt in diesem Jahr beim Deutschen Theaterpreis Der Faust den Preis f\u00fcr das Lebenswerk.\u00a0<\/strong><\/span><\/p>\n<p><span style=\"font-family: arial,helvetica,sans-serif; font-size: small;\">\u00a0<\/span><\/p>\n<p><span style=\"font-family: arial,helvetica,sans-serif; font-size: small;\">Derzeit probt der Mazura an der Berliner Staatsoper mit Daniel Barenboim und Andrea Moses f\u00fcr die Neuproduktion von Richard Wagners <em>Die Meistersinger von N\u00fcrnberg<\/em>. Er wird ab Anfang Oktober f\u00fcr sechs Vorstellungen als Hans Schwarz auf der B\u00fchne zu erleben sein. <\/span><\/p>\n<p>\u00a0<\/p>\n<p><span style=\"font-family: arial,helvetica,sans-serif; font-size: small;\">F\u00fcr einen Faust-Preis nominiert ist \u00fcberdies Andrea Breth in der Kategorie Regie Musiktheater f\u00fcr ihre Inszenierung von Wolfgang Rihms <em>Jakob Lenz<\/em> \u2013 einer Koproduktion der Oper Stuttgart mit La Monnaie\/De Munt Br\u00fcssel und der Staatsoper Berlin.<em> (cf)<\/em><\/span><\/p>\n<p>\u00a0<\/p>\n","protected":false},"excerpt":{"rendered":"<p><span style=\"font-family: arial,helvetica,sans-serif; font-size: small;\">17.09.2015 &#8212; Der noch immer aktive 91-j\u00e4hrige Kammers\u00e4nger Franz Mazura erh\u00e4lt in diesem Jahr beim Deutschen Theaterpreis Der Faust den Preis f\u00fcr das Lebenswerk.<\/span><\/p>\n","protected":false},"author":1,"featured_media":0,"comment_status":"open","ping_status":"open","sticky":false,"template":"","format":"standard","meta":{"footnotes":""},"categories":[2],"tags":[],"class_list":["post-2544","post","type-post","status-publish","format-standard","hentry","category-nachrichten","entry"],"_links":{"self":[{"href":"https:\/\/codexflores.ch\/index.php\/wp-json\/wp\/v2\/posts\/2544","targetHints":{"allow":["GET"]}}],"collection":[{"href":"https:\/\/codexflores.ch\/index.php\/wp-json\/wp\/v2\/posts"}],"about":[{"href":"https:\/\/codexflores.ch\/index.php\/wp-json\/wp\/v2\/types\/post"}],"author":[{"embeddable":true,"href":"https:\/\/codexflores.ch\/index.php\/wp-json\/wp\/v2\/users\/1"}],"replies":[{"embeddable":true,"href":"https:\/\/codexflores.ch\/index.php\/wp-json\/wp\/v2\/comments?post=2544"}],"version-history":[{"count":0,"href":"https:\/\/codexflores.ch\/index.php\/wp-json\/wp\/v2\/posts\/2544\/revisions"}],"wp:attachment":[{"href":"https:\/\/codexflores.ch\/index.php\/wp-json\/wp\/v2\/media?parent=2544"}],"wp:term":[{"taxonomy":"category","embeddable":true,"href":"https:\/\/codexflores.ch\/index.php\/wp-json\/wp\/v2\/categories?post=2544"},{"taxonomy":"post_tag","embeddable":true,"href":"https:\/\/codexflores.ch\/index.php\/wp-json\/wp\/v2\/tags?post=2544"}],"curies":[{"name":"wp","href":"https:\/\/api.w.org\/{rel}","templated":true}]}}