{"id":2547,"date":"2015-09-18T06:09:53","date_gmt":"2015-09-18T06:09:53","guid":{"rendered":"https:\/\/codexflores.ch\/index.php\/2015\/09\/18\/bilanz-der-festspiele-mecklenburg-vorpommern-2015\/"},"modified":"2015-09-18T06:09:53","modified_gmt":"2015-09-18T06:09:53","slug":"bilanz-der-festspiele-mecklenburg-vorpommern-2015","status":"publish","type":"post","link":"https:\/\/codexflores.ch\/index.php\/2015\/09\/18\/bilanz-der-festspiele-mecklenburg-vorpommern-2015\/","title":{"rendered":"Bilanz der Festspiele Mecklenburg-Vorpommern 2015"},"content":{"rendered":"<p><span style=\"font-family: arial,helvetica,sans-serif; font-size: small;\">18.09.2015 &#8212; Die diesj\u00e4hrige Sommersaison der Festspiele Mecklenburg-Vorpommern ist zu Ende. Vom 20. Juni bis zum 19. September z\u00e4hlte die Veranstaltungsreihe in 124 Anl\u00e4ssen (2014: 127) rund 75&#8217;000 Eintritte, 2000 mehr als im Vorjahr.<\/span><\/p>\n<p><span style=\"font-family: arial,helvetica,sans-serif; font-size: small;\"><strong>18.09.2015 &#8212; Die diesj\u00e4hrige Sommersaison der Festspiele Mecklenburg-Vorpommern ist zu Ende. Vom 20. Juni bis zum 19. September z\u00e4hlte die Veranstaltungsreihe in 124 Anl\u00e4ssen (2014: 127) rund 75&#8217;000 Eintritte, 2000 mehr als im Vorjahr.<\/strong><\/span><\/p>\n<p><span style=\"font-family: arial,helvetica,sans-serif; font-size: small;\">\u00a0<\/span><\/p>\n<p><span style=\"font-family: arial,helvetica,sans-serif; font-size: small;\">Die Platzauslastung lag laut der Medienmitteilung der Veranstalter bei 93 Prozent, 100 der 124 Veranstaltungen waren ausverkauft. Auch die stark ausgeweiteten Begleitprogramme h\u00e4tten sich grosser Beliebtheit erfreut, darunter ein dreit\u00e4giges Bratschenfestival, ein neues\u00a0 Kammermusikfest der jungen Elite und eine Reihe, die sich jeweils drei Tage lang genre\u00fcbergreifend einer Epoche \u2013 Zukunft und das Jahr 1808 \u2013 widmete.\u00a0<\/span><\/p>\n<p><span style=\"font-family: arial,helvetica,sans-serif; font-size: small;\">\u00a0<\/span><\/p>\n<p><span style=\"font-family: arial,helvetica,sans-serif; font-size: small;\">Der 27. Festspielsommer geht vom 17. Juni bis zum 17. September 2016. Unter anderem wird es rund um das Schlossensemble in Schwerin ein Weltkulturfest in Kooperation unter anderem mit dem Mecklenburgischen Staatstheater Schwerin und dem Staatlichen Museum Schwerin geben, das Bezug auf die Bewerbung des Schweriner Residenzensembles zum Unesco-Welterbe nimmt. <em>(cf)\u00a0<\/em><\/span><\/p>\n<p>\u00a0<\/p>\n","protected":false},"excerpt":{"rendered":"<p><span style=\"font-family: arial,helvetica,sans-serif; font-size: small;\">18.09.2015 &#8212; Die diesj\u00e4hrige Sommersaison der Festspiele Mecklenburg-Vorpommern ist zu Ende. Vom 20. Juni bis zum 19. September z\u00e4hlte die Veranstaltungsreihe in 124 Anl\u00e4ssen (2014: 127) rund 75&#8217;000 Eintritte, 2000 mehr als im Vorjahr.<\/span><\/p>\n","protected":false},"author":1,"featured_media":0,"comment_status":"open","ping_status":"open","sticky":false,"template":"","format":"standard","meta":{"footnotes":""},"categories":[2],"tags":[],"class_list":["post-2547","post","type-post","status-publish","format-standard","hentry","category-nachrichten","entry"],"_links":{"self":[{"href":"https:\/\/codexflores.ch\/index.php\/wp-json\/wp\/v2\/posts\/2547","targetHints":{"allow":["GET"]}}],"collection":[{"href":"https:\/\/codexflores.ch\/index.php\/wp-json\/wp\/v2\/posts"}],"about":[{"href":"https:\/\/codexflores.ch\/index.php\/wp-json\/wp\/v2\/types\/post"}],"author":[{"embeddable":true,"href":"https:\/\/codexflores.ch\/index.php\/wp-json\/wp\/v2\/users\/1"}],"replies":[{"embeddable":true,"href":"https:\/\/codexflores.ch\/index.php\/wp-json\/wp\/v2\/comments?post=2547"}],"version-history":[{"count":0,"href":"https:\/\/codexflores.ch\/index.php\/wp-json\/wp\/v2\/posts\/2547\/revisions"}],"wp:attachment":[{"href":"https:\/\/codexflores.ch\/index.php\/wp-json\/wp\/v2\/media?parent=2547"}],"wp:term":[{"taxonomy":"category","embeddable":true,"href":"https:\/\/codexflores.ch\/index.php\/wp-json\/wp\/v2\/categories?post=2547"},{"taxonomy":"post_tag","embeddable":true,"href":"https:\/\/codexflores.ch\/index.php\/wp-json\/wp\/v2\/tags?post=2547"}],"curies":[{"name":"wp","href":"https:\/\/api.w.org\/{rel}","templated":true}]}}