{"id":2549,"date":"2015-09-21T05:42:12","date_gmt":"2015-09-21T05:42:12","guid":{"rendered":"https:\/\/codexflores.ch\/index.php\/2015\/09\/21\/leitungswechsel-beim-ard-musikwettbewerb\/"},"modified":"2015-09-21T05:42:12","modified_gmt":"2015-09-21T05:42:12","slug":"leitungswechsel-beim-ard-musikwettbewerb","status":"publish","type":"post","link":"https:\/\/codexflores.ch\/index.php\/2015\/09\/21\/leitungswechsel-beim-ard-musikwettbewerb\/","title":{"rendered":"Leitungswechsel beim ARD-Musikwettbewerb"},"content":{"rendered":"<p><span style=\"font-family: arial,helvetica,sans-serif; font-size: small;\">21.09.2015 &#8212; Der Internationale Musikwettbewerb der ARD bekommt einen neuen K\u00fcnstlerischen Leiter: Martin Ullrich, Vorsitzender der Rektorenkonferenz der deutschen Musikhochschulen, wird die inhaltliche Verantwortung f\u00fcr den weltweit gr\u00f6ssten klassischen Musikwettbewerb \u00fcbernehmen.<\/span><\/p>\n<p><span style=\"font-family: arial,helvetica,sans-serif; font-size: small;\"><strong>21.09.2015 &#8212; Der Internationale Musikwettbewerb der ARD bekommt einen neuen K\u00fcnstlerischen Leiter: Martin Ullrich, Vorsitzender der Rektorenkonferenz der deutschen Musikhochschulen, wird die inhaltliche Verantwortung f\u00fcr den weltweit gr\u00f6ssten klassischen Musikwettbewerb \u00fcbernehmen.<\/strong><\/span><\/p>\n<p><span style=\"font-family: arial,helvetica,sans-serif; font-size: small;\">\u00a0<\/span><\/p>\n<p><span style=\"font-family: arial,helvetica,sans-serif; font-size: small;\">Als K\u00fcnstlerischer Leiter des ARD-Musikwettbewerbs folgt Ullrich auf Axel Linst\u00e4dt, der neun Jahre lang in dieser Position t\u00e4tig war. Im August wechselte Linst\u00e4dt in den Rundfunkrat des Bayerischen Rundfunks, weshalb er sein Amt als Wettbewerbsleiter niederlegte.<\/span><\/p>\n<p>\u00a0<\/p>\n<p><span style=\"font-family: arial,helvetica,sans-serif; font-size: small;\">Ullrich ist seit Oktober 2009 Pr\u00e4sident der Hochschule f\u00fcr Musik N\u00fcrnberg und seit Oktober 2011 Vorsitzender der Rektorenkonferenz der deutschen Musikhochschulen. Der 44-J\u00e4hrige studierte Klavier an der Hochschule f\u00fcr Musik und Darstellende Kunst Frankfurt am Main und an der Universit\u00e4t der K\u00fcnste Berlin sowie Musiktheorie und Geh\u00f6rbildung. <\/span><\/p>\n<p>\u00a0<\/p>\n<p><span style=\"font-family: arial,helvetica,sans-serif; font-size: small;\">Seine Forschungsschwerpunkte sind die Musik Robert Schumanns, die Theorie der popul\u00e4ren Musik, das Verh\u00e4ltnis von Musik und digitalen Medien sowie Biomusikologie. 2013 wurde Martin Ullrich auf eine Professur f\u00fcr Interdisziplin\u00e4re Musikforschung mit Schwerpunkt Human-Animal Studies an der Hochschule f\u00fcr Musik N\u00fcrnberg berufen. <em>(cf)\u00a0<\/em><\/span><\/p>\n","protected":false},"excerpt":{"rendered":"<p><span style=\"font-family: arial,helvetica,sans-serif; font-size: small;\">21.09.2015 &#8212; Der Internationale Musikwettbewerb der ARD bekommt einen neuen K\u00fcnstlerischen Leiter: Martin Ullrich, Vorsitzender der Rektorenkonferenz der deutschen Musikhochschulen, wird die inhaltliche Verantwortung f\u00fcr den weltweit gr\u00f6ssten klassischen Musikwettbewerb \u00fcbernehmen.<\/span><\/p>\n","protected":false},"author":1,"featured_media":0,"comment_status":"open","ping_status":"open","sticky":false,"template":"","format":"standard","meta":{"footnotes":""},"categories":[2],"tags":[],"class_list":["post-2549","post","type-post","status-publish","format-standard","hentry","category-nachrichten","entry"],"_links":{"self":[{"href":"https:\/\/codexflores.ch\/index.php\/wp-json\/wp\/v2\/posts\/2549","targetHints":{"allow":["GET"]}}],"collection":[{"href":"https:\/\/codexflores.ch\/index.php\/wp-json\/wp\/v2\/posts"}],"about":[{"href":"https:\/\/codexflores.ch\/index.php\/wp-json\/wp\/v2\/types\/post"}],"author":[{"embeddable":true,"href":"https:\/\/codexflores.ch\/index.php\/wp-json\/wp\/v2\/users\/1"}],"replies":[{"embeddable":true,"href":"https:\/\/codexflores.ch\/index.php\/wp-json\/wp\/v2\/comments?post=2549"}],"version-history":[{"count":0,"href":"https:\/\/codexflores.ch\/index.php\/wp-json\/wp\/v2\/posts\/2549\/revisions"}],"wp:attachment":[{"href":"https:\/\/codexflores.ch\/index.php\/wp-json\/wp\/v2\/media?parent=2549"}],"wp:term":[{"taxonomy":"category","embeddable":true,"href":"https:\/\/codexflores.ch\/index.php\/wp-json\/wp\/v2\/categories?post=2549"},{"taxonomy":"post_tag","embeddable":true,"href":"https:\/\/codexflores.ch\/index.php\/wp-json\/wp\/v2\/tags?post=2549"}],"curies":[{"name":"wp","href":"https:\/\/api.w.org\/{rel}","templated":true}]}}