{"id":2553,"date":"2015-09-23T06:06:09","date_gmt":"2015-09-23T06:06:09","guid":{"rendered":"https:\/\/codexflores.ch\/index.php\/2015\/09\/23\/gare-du-nord-erweist-krenek-reverenz\/"},"modified":"2015-09-23T06:06:09","modified_gmt":"2015-09-23T06:06:09","slug":"gare-du-nord-erweist-krenek-reverenz","status":"publish","type":"post","link":"https:\/\/codexflores.ch\/index.php\/2015\/09\/23\/gare-du-nord-erweist-krenek-reverenz\/","title":{"rendered":"Gare du Nord erweist Krenek Reverenz"},"content":{"rendered":"<p><span style=\"font-family: arial,helvetica,sans-serif; font-size: small;\">23.09.2015 &#8212; Das Werk von Ernst Krenek bildet als \u00abKaleidoskop Ernst Krenek\u00bb einen der Schwerpunkte der kommenden Saison im Basler Gare du Nord. Den Auftakt macht die Kammeroper\u00a0\u00abWhat Price Confidence?\u00bb.<\/span><\/p>\n<p><span style=\"font-family: arial,helvetica,sans-serif; font-size: small;\"><strong>23.09.2015 &#8212; Das Werk von Ernst Krenek bildet als \u00abKaleidoskop Ernst Krenek\u00bb einen der Schwerpunkte der kommenden Saison im Basler Gare du Nord. Den Auftakt macht die Kammeroper\u00a0\u00abWhat Price Confidence?\u00bb.<\/strong><\/span><\/p>\n<p><span style=\"font-family: arial,helvetica,sans-serif; font-size: small;\">\u00a0<\/span><\/p>\n<p><span style=\"font-family: arial,helvetica,sans-serif; font-size: small;\">Das St\u00fcck schrieb der \u00f6sterreichische Komponist 1945 im Auftrag der Metropolitan Opera. Das R\u00e4nkespiel zweier Paare, die sich gegenseitig betr\u00fcgen verweist von der Besetzung bis hin zur musikalischen Gestaltung der Charaktere auf Mozarts \u00abCos\u00ec fan tutte\u00bb. Im Gare du Nord wird die Oper denn auch mit Arien-Interventionen aus Mozarts Gegenst\u00fcck kombiniert. Eine der zahlreichen weiteren Veranstaltungen zu Krenek \u00fcberdies eine Begegnung mit seiner Witwe Gladys Nordenstrom Krenek, die auch als Komponistin t\u00e4tig ist. So erklingt in Basel ihr \u00abZeit XXIV\u00bb als europ\u00e4ische Erstauff\u00fchrung. Gladys Nordenstrom Krenek wird dabei selber anwesend sein. Mehr Infos: <a href=\"http:\/\/www.garedunord.ch\/krenek\" target=\"_blank\" rel=\"noopener noreferrer\">www.garedunord.ch\/krenek<\/a><\/span><\/p>\n<p><span style=\"font-family: arial,helvetica,sans-serif; font-size: small;\">\u00a0<\/span><\/p>\n<p><span style=\"font-family: arial,helvetica,sans-serif; font-size: small;\">Neben dem Krenek-Schwerpunkt bietet der Gare du Nord 2015\/16 eine Reihe mit Werken aus dem aktuellen Musiktheater. Auf dem Spielplan stehen 14 Produktionen, darunter in Zusammenarbeit mit dem Festival Culturescapes Island \u00abUR_\u00bb von Anna Thorvaldsd\u00f3ttir &amp; Far North. Das K\u00fcnstlernetzwerk Far North hat eine Expedition nach Gr\u00f6nland unternommen, um abseits der vorgegebenen Strukturen und Traditionen westlicher Opernpraxis nach neuen Wegen im Bereich Musiktheater zu suchen.<\/span><\/p>\n<p><span style=\"font-family: arial,helvetica,sans-serif; font-size: small;\">\u00a0<\/span><\/p>\n<p><span style=\"font-family: arial,helvetica,sans-serif; font-size: small;\">Das Jahresbudget des Gare du Nord 2015 betr\u00e4gt rund 881\u2019000 Franken, davon sind rund 610\u2019000 Betriebs- , Personal- und Werbeaufwand. Auf 160\u2019000 Franken bel\u00e4uft sich der Aufwand f\u00fcr Eigenproduktionen und Gastspiele. 2014 erzielte der Gare du Nord laut eigenen Angaben einen Ertrag von 859\u2019800 Franken, bei einem Gesamtaufwand von 856\u2019500 Franken. Subventionert wird er mit 440\u2019000 Franken aus der Basler Kulturpauschale. Seine Eigenleistung betr\u00e4gt 49 Prozent. Der Gare du Nord unterh\u00e4lt 575 Stellenprozente, die sich auf neunTeilzeitarbeitspl\u00e4tze und einen vollen Arbeitsplatz verteilen.\u00a0<em> (cf)<\/em><\/span><\/p>\n<p>\u00a0<\/p>\n","protected":false},"excerpt":{"rendered":"<p><span style=\"font-family: arial,helvetica,sans-serif; font-size: small;\">23.09.2015 &#8212; Das Werk von Ernst Krenek bildet als \u00abKaleidoskop Ernst Krenek\u00bb einen der Schwerpunkte der kommenden Saison im Basler Gare du Nord. Den Auftakt macht die Kammeroper\u00a0\u00abWhat Price Confidence?\u00bb.<\/span><\/p>\n","protected":false},"author":1,"featured_media":0,"comment_status":"open","ping_status":"open","sticky":false,"template":"","format":"standard","meta":{"footnotes":""},"categories":[2],"tags":[],"class_list":["post-2553","post","type-post","status-publish","format-standard","hentry","category-nachrichten","entry"],"_links":{"self":[{"href":"https:\/\/codexflores.ch\/index.php\/wp-json\/wp\/v2\/posts\/2553","targetHints":{"allow":["GET"]}}],"collection":[{"href":"https:\/\/codexflores.ch\/index.php\/wp-json\/wp\/v2\/posts"}],"about":[{"href":"https:\/\/codexflores.ch\/index.php\/wp-json\/wp\/v2\/types\/post"}],"author":[{"embeddable":true,"href":"https:\/\/codexflores.ch\/index.php\/wp-json\/wp\/v2\/users\/1"}],"replies":[{"embeddable":true,"href":"https:\/\/codexflores.ch\/index.php\/wp-json\/wp\/v2\/comments?post=2553"}],"version-history":[{"count":0,"href":"https:\/\/codexflores.ch\/index.php\/wp-json\/wp\/v2\/posts\/2553\/revisions"}],"wp:attachment":[{"href":"https:\/\/codexflores.ch\/index.php\/wp-json\/wp\/v2\/media?parent=2553"}],"wp:term":[{"taxonomy":"category","embeddable":true,"href":"https:\/\/codexflores.ch\/index.php\/wp-json\/wp\/v2\/categories?post=2553"},{"taxonomy":"post_tag","embeddable":true,"href":"https:\/\/codexflores.ch\/index.php\/wp-json\/wp\/v2\/tags?post=2553"}],"curies":[{"name":"wp","href":"https:\/\/api.w.org\/{rel}","templated":true}]}}