{"id":2556,"date":"2015-09-24T05:57:48","date_gmt":"2015-09-24T05:57:48","guid":{"rendered":"https:\/\/codexflores.ch\/index.php\/2015\/09\/24\/ravel-jenseits-seines-groessten-welterfolges\/"},"modified":"2015-09-24T05:57:48","modified_gmt":"2015-09-24T05:57:48","slug":"ravel-jenseits-seines-groessten-welterfolges","status":"publish","type":"post","link":"https:\/\/codexflores.ch\/index.php\/2015\/09\/24\/ravel-jenseits-seines-groessten-welterfolges\/","title":{"rendered":"Ravel jenseits seines gr\u00f6ssten Welterfolges"},"content":{"rendered":"<p><span style=\"font-family: arial,helvetica,sans-serif; font-size: small;\">24.09.2015 &#8212; Ravel war nicht besonders stolz auf seinen \u00abBolero\u00bb. Er habe nur ein Meisterwerk gemacht, spottete er selber einmal, leider enthalte es keine Musik. Die Kulturschiene Herrliberg bietet die Gelegenheit, den \u00fcberaus selbstkritischen\u00a0 Komponisten in seiner ganzen Komplexit\u00e4t kennenzulernen.<\/span><\/p>\n<p><span style=\"font-family: arial,helvetica,sans-serif; font-size: small;\"><strong>24.09.2015 &#8212; Ravel wr nicht besonders stolz auf seinen <span style=\"font-family: arial,helvetica,sans-serif; font-size: small;\">\u00abBolero\u00bb<\/span>. Er habe nur ein Meisterwerk gemacht, spottete er selber einmal, leider enthalte es keine Musik. Die Kulturschiene Herrliberg bietet die Gelegenheit, den \u00fcberaus selbstkritischen\u00a0 Komponisten in seiner ganzen Komplexit\u00e4t kennenzulernen.<\/strong><\/span><\/p>\n<p>\u00a0<\/p>\n<p><span style=\"font-family: arial,helvetica,sans-serif; font-size: small;\">Maurice Ravel war Sohn eines Schweizers Ingenieurs und einer baskischen Mutter und litt zeitlebens an der Diskrepanz zwischen seinem Mass und dem der \u00fcbrigen Welt. Diese Kluft durch Perfektion seiner musikalischen Sprache zu \u00fcberwinden, war f\u00fcr ihn immer wieder ein sch\u00f6pferisches Stimulans. Was das Leben ihm versagt hat, daf\u00fcr schuf er sich ein zweites Leben in seiner Kunst.<\/span><\/p>\n<p><span style=\"font-family: arial,helvetica,sans-serif; font-size: small;\">\u00a0<\/span><\/p>\n<p><span style=\"font-family: arial,helvetica,sans-serif; font-size: small;\">Die Pianistin Andrea Wiesli, sowie Graziella Rossi und Helmut Vogel als Vortragende pr\u00e4sentieren ein von Armin Brunner verfasstes Komponisten-Portr\u00e4t als Abschluss eines Zyklus von Klang-Chroniken. <em>(pd)<\/em><\/span><\/p>\n<p><span style=\"font-family: arial,helvetica,sans-serif; font-size: small;\"><strong>Info:<\/strong><\/span><br \/><span style=\"font-family: arial,helvetica,sans-serif; font-size: small;\"> Maurice Ravel, Mathematiker des Geheimnisvollen,Freitag, 2. Oktober, 20 Uhr in der Kulturschiene Herrliberg-Feldmeilen.<\/span><\/p>\n","protected":false},"excerpt":{"rendered":"<p><span style=\"font-family: arial,helvetica,sans-serif; font-size: small;\">24.09.2015 &#8212; Ravel war nicht besonders stolz auf seinen \u00abBolero\u00bb. Er habe nur ein Meisterwerk gemacht, spottete er selber einmal, leider enthalte es keine Musik. Die Kulturschiene Herrliberg bietet die Gelegenheit, den \u00fcberaus selbstkritischen\u00a0 Komponisten in seiner ganzen Komplexit\u00e4t kennenzulernen.<\/span><\/p>\n","protected":false},"author":1,"featured_media":0,"comment_status":"open","ping_status":"open","sticky":false,"template":"","format":"standard","meta":{"footnotes":""},"categories":[2],"tags":[],"class_list":["post-2556","post","type-post","status-publish","format-standard","hentry","category-nachrichten","entry"],"_links":{"self":[{"href":"https:\/\/codexflores.ch\/index.php\/wp-json\/wp\/v2\/posts\/2556","targetHints":{"allow":["GET"]}}],"collection":[{"href":"https:\/\/codexflores.ch\/index.php\/wp-json\/wp\/v2\/posts"}],"about":[{"href":"https:\/\/codexflores.ch\/index.php\/wp-json\/wp\/v2\/types\/post"}],"author":[{"embeddable":true,"href":"https:\/\/codexflores.ch\/index.php\/wp-json\/wp\/v2\/users\/1"}],"replies":[{"embeddable":true,"href":"https:\/\/codexflores.ch\/index.php\/wp-json\/wp\/v2\/comments?post=2556"}],"version-history":[{"count":0,"href":"https:\/\/codexflores.ch\/index.php\/wp-json\/wp\/v2\/posts\/2556\/revisions"}],"wp:attachment":[{"href":"https:\/\/codexflores.ch\/index.php\/wp-json\/wp\/v2\/media?parent=2556"}],"wp:term":[{"taxonomy":"category","embeddable":true,"href":"https:\/\/codexflores.ch\/index.php\/wp-json\/wp\/v2\/categories?post=2556"},{"taxonomy":"post_tag","embeddable":true,"href":"https:\/\/codexflores.ch\/index.php\/wp-json\/wp\/v2\/tags?post=2556"}],"curies":[{"name":"wp","href":"https:\/\/api.w.org\/{rel}","templated":true}]}}