{"id":2559,"date":"2015-09-25T05:51:41","date_gmt":"2015-09-25T05:51:41","guid":{"rendered":"https:\/\/codexflores.ch\/index.php\/2015\/09\/25\/wolfgang-dauner-fuer-sein-lebenswerk-geehrt\/"},"modified":"2015-09-25T05:51:41","modified_gmt":"2015-09-25T05:51:41","slug":"wolfgang-dauner-fuer-sein-lebenswerk-geehrt","status":"publish","type":"post","link":"https:\/\/codexflores.ch\/index.php\/2015\/09\/25\/wolfgang-dauner-fuer-sein-lebenswerk-geehrt\/","title":{"rendered":"Wolfgang Dauner f\u00fcr sein Lebenswerk geehrt"},"content":{"rendered":"<p><span style=\"font-family: arial,helvetica,sans-serif; font-size: small;\">25.09.2015 &#8212; Der in der Kategorie Sonderpreis f\u00fcr das Lebenswerk zum zweiten Mal vergebene und mit 10&#8217;000 Euro dotierte Landesjazzpreis Baden-W\u00fcrttemberg geht an den Pianisten und Bandleader Wolfgang Dauner.<\/span><\/p>\n<p>\u00a0<\/p>\n<p><span style=\"font-family: arial,helvetica,sans-serif; font-size: small;\"><strong>25.09.2015 &#8212; Der in der Kategorie Sonderpreis f\u00fcr das Lebenswerk zum zweiten Mal vergebene und mit 10&#8217;000 Euro dotierte Landesjazzpreis Baden-W\u00fcrttemberg geht an den Pianisten und Bandleader Wolfgang Dauner.<\/strong><\/span><\/p>\n<p>\u00a0<\/p>\n<p><span style=\"font-family: arial,helvetica,sans-serif; font-size: small;\">Wolfgang Dauner pr\u00e4ge seit Jahrzehnten die baden-w\u00fcrttembergische Jazz-Landschaft, er geniesse internationale Reputation und habe mit seiner Band Et Cetera oder sp\u00e4ter mit dem United Jazz + Rock Ensemble immer wieder internationale Musiker nach Deutschland gebracht, Jazz-Gr\u00f6ssen wie Jean-Luc Ponty oder Larry Coryell, heisst es in der Mitteilung des Bundeslandes. <\/span><\/p>\n<p>\u00a0<\/p>\n<p><span style=\"font-family: arial,helvetica,sans-serif; font-size: small;\">Pr\u00e4gend sei zudem seine jahrzehntelange Zusammenarbeit mit Eberhard Weber, notabene erster Tr\u00e4ger des Sonderpreises. Seine Werke waren immer offen f\u00fcr aktuelle Str\u00f6mungen und Einfl\u00fcsse eines breiten Spektrums von Klassik bis Rock &#8211; damit habe Wolfgang Dauner den Jazz erweitert.<\/span><\/p>\n<p>\u00a0<\/p>\n<p><span style=\"font-family: arial,helvetica,sans-serif; font-size: small;\"> Wolfgang Dauner wurde am 30. Dezember 1935 in Stuttgart geboren und studierte dort Ende der 1950er Jahre kurzzeitig an der Hochschule f\u00fcr Musik. 1963 gr\u00fcndete er zusammen mit Eberhard Weber und Fred Braceful das Wolfgang Dauner Trio, das bis 1970 bestand, und aus dem sp\u00e4ter die Band Et Cetera hervorging. 1969 wurde Dauner f\u00fcr 15 Jahre Leiter der Radio Jazz Group Stuttgart, 1976 war er Mitbegr\u00fcnder des United Jazz + Rock Ensemble. <em>(cf)<\/em><\/span><\/p>\n","protected":false},"excerpt":{"rendered":"<p><span style=\"font-family: arial,helvetica,sans-serif; font-size: small;\">25.09.2015 &#8212; Der in der Kategorie Sonderpreis f\u00fcr das Lebenswerk zum zweiten Mal vergebene und mit 10&#8217;000 Euro dotierte Landesjazzpreis Baden-W\u00fcrttemberg geht an den Pianisten und Bandleader Wolfgang Dauner.<\/span><\/p>\n","protected":false},"author":1,"featured_media":0,"comment_status":"open","ping_status":"open","sticky":false,"template":"","format":"standard","meta":{"footnotes":""},"categories":[2],"tags":[],"class_list":["post-2559","post","type-post","status-publish","format-standard","hentry","category-nachrichten","entry"],"_links":{"self":[{"href":"https:\/\/codexflores.ch\/index.php\/wp-json\/wp\/v2\/posts\/2559","targetHints":{"allow":["GET"]}}],"collection":[{"href":"https:\/\/codexflores.ch\/index.php\/wp-json\/wp\/v2\/posts"}],"about":[{"href":"https:\/\/codexflores.ch\/index.php\/wp-json\/wp\/v2\/types\/post"}],"author":[{"embeddable":true,"href":"https:\/\/codexflores.ch\/index.php\/wp-json\/wp\/v2\/users\/1"}],"replies":[{"embeddable":true,"href":"https:\/\/codexflores.ch\/index.php\/wp-json\/wp\/v2\/comments?post=2559"}],"version-history":[{"count":0,"href":"https:\/\/codexflores.ch\/index.php\/wp-json\/wp\/v2\/posts\/2559\/revisions"}],"wp:attachment":[{"href":"https:\/\/codexflores.ch\/index.php\/wp-json\/wp\/v2\/media?parent=2559"}],"wp:term":[{"taxonomy":"category","embeddable":true,"href":"https:\/\/codexflores.ch\/index.php\/wp-json\/wp\/v2\/categories?post=2559"},{"taxonomy":"post_tag","embeddable":true,"href":"https:\/\/codexflores.ch\/index.php\/wp-json\/wp\/v2\/tags?post=2559"}],"curies":[{"name":"wp","href":"https:\/\/api.w.org\/{rel}","templated":true}]}}