{"id":2561,"date":"2015-09-25T06:08:52","date_gmt":"2015-09-25T06:08:52","guid":{"rendered":"https:\/\/codexflores.ch\/index.php\/2015\/09\/25\/neue-erkenntnisse-zur-fokalen-dystonie\/"},"modified":"2015-09-25T06:08:52","modified_gmt":"2015-09-25T06:08:52","slug":"neue-erkenntnisse-zur-fokalen-dystonie","status":"publish","type":"post","link":"https:\/\/codexflores.ch\/index.php\/2015\/09\/25\/neue-erkenntnisse-zur-fokalen-dystonie\/","title":{"rendered":"Neuere Erkenntnisse zur Fokalen Dystonie"},"content":{"rendered":"<p><span style=\"font-family: arial,helvetica,sans-serif; font-size: small;\">25.09.2015 &#8212; Die bei Musikern gef\u00fcrchtete Musikerdystonie \u2013 eine Erkrankung, die zum Verlust der feinmotorischen Kontrolle am Instrument f\u00fchrt \u2013 ist offenbar nicht allein, wie bisher angenommen, auf neurologische Ursachen zur\u00fcckzuf\u00fchren.<\/span><\/p>\n<p><span style=\"font-family: arial,helvetica,sans-serif; font-size: small;\"><strong>25.09.2015 &#8212; Die bei Musikern gef\u00fcrchtete Musikerdystonie \u2013 eine Erkrankung, die zum Verlust der feinmotorischen Kontrolle am Instrument f\u00fchrt \u2013 ist offenbar nicht allein, wie bisher angenommen, auf neurologische Ursachen zur\u00fcckzuf\u00fchren.<\/strong><\/span><\/p>\n<p><span style=\"font-family: arial,helvetica,sans-serif; font-size: small;\">\u00a0<\/span><\/p>\n<p><span style=\"font-family: arial,helvetica,sans-serif; font-size: small;\">Aktuelle Studien zeigen: Auch der Kopf spielt mit. Dies berichtet die Deutsche Gesellschaft f\u00fcr Neurologie (DGN). Laut Eckart Altenm\u00fcller, Direktor des Instituts f\u00fcr Musikphysiologie und Musikermedizin (IMMM) der Hochschule f\u00fcr Musik, Theater und Medien Hannover, gibt es auch eine psychische Disposition f\u00fcr die Musikerdystonie. Angst, Stress und Selbstzweifel k\u00f6nnten die Entwicklung dieser Musikerkrankheit sch\u00fcren. Altenm\u00fcller pr\u00e4sentierte die aktuellen Ergebnisse auf dem 88. Kongress der Deutschen Gesellschaft f\u00fcr Neurologie in D\u00fcsseldorf .<\/span><\/p>\n<p><span style=\"font-family: arial,helvetica,sans-serif; font-size: small;\">\u00a0<\/span><\/p>\n<p><span style=\"font-family: arial,helvetica,sans-serif; font-size: small;\">Die Zahl der Neuerkrankungen nimmt bei der Musikerdystonie seit einigen Jahren ab. Ein Grund ist, dass das Krankheitsbild heute besser bekannt ist und die Musiker fr\u00fcher Hilfe suchen, bevor sich die Krankheit manifestiert hat. Musiker k\u00f6nnen aber auch selbst etwas tun, um die Entwicklung der Musikerdystonie zu verhindern und gesund zu bleiben. Schl\u00fcssel sind laut Altenm\u00fcller die ersten Musiklehrer, denn die Musikerdystonie sei oft eine Frage falsch gelernter \u00dcbungstechnik. <em>(cf)<\/em><\/span><\/p>\n","protected":false},"excerpt":{"rendered":"<p><span style=\"font-family: arial,helvetica,sans-serif; font-size: small;\">25.09.2015 &#8212; Die bei Musikern gef\u00fcrchtete Musikerdystonie \u2013 eine Erkrankung, die zum Verlust der feinmotorischen Kontrolle am Instrument f\u00fchrt \u2013 ist offenbar nicht allein, wie bisher angenommen, auf neurologische Ursachen zur\u00fcckzuf\u00fchren.<\/span><\/p>\n","protected":false},"author":1,"featured_media":0,"comment_status":"open","ping_status":"open","sticky":false,"template":"","format":"standard","meta":{"footnotes":""},"categories":[2],"tags":[],"class_list":["post-2561","post","type-post","status-publish","format-standard","hentry","category-nachrichten","entry"],"_links":{"self":[{"href":"https:\/\/codexflores.ch\/index.php\/wp-json\/wp\/v2\/posts\/2561","targetHints":{"allow":["GET"]}}],"collection":[{"href":"https:\/\/codexflores.ch\/index.php\/wp-json\/wp\/v2\/posts"}],"about":[{"href":"https:\/\/codexflores.ch\/index.php\/wp-json\/wp\/v2\/types\/post"}],"author":[{"embeddable":true,"href":"https:\/\/codexflores.ch\/index.php\/wp-json\/wp\/v2\/users\/1"}],"replies":[{"embeddable":true,"href":"https:\/\/codexflores.ch\/index.php\/wp-json\/wp\/v2\/comments?post=2561"}],"version-history":[{"count":0,"href":"https:\/\/codexflores.ch\/index.php\/wp-json\/wp\/v2\/posts\/2561\/revisions"}],"wp:attachment":[{"href":"https:\/\/codexflores.ch\/index.php\/wp-json\/wp\/v2\/media?parent=2561"}],"wp:term":[{"taxonomy":"category","embeddable":true,"href":"https:\/\/codexflores.ch\/index.php\/wp-json\/wp\/v2\/categories?post=2561"},{"taxonomy":"post_tag","embeddable":true,"href":"https:\/\/codexflores.ch\/index.php\/wp-json\/wp\/v2\/tags?post=2561"}],"curies":[{"name":"wp","href":"https:\/\/api.w.org\/{rel}","templated":true}]}}