{"id":2562,"date":"2015-09-25T06:25:16","date_gmt":"2015-09-25T06:25:16","guid":{"rendered":"https:\/\/codexflores.ch\/index.php\/2015\/09\/25\/orchesterfusion-auch-in-belgien\/"},"modified":"2015-09-25T06:25:16","modified_gmt":"2015-09-25T06:25:16","slug":"orchesterfusion-auch-in-belgien","status":"publish","type":"post","link":"https:\/\/codexflores.ch\/index.php\/2015\/09\/25\/orchesterfusion-auch-in-belgien\/","title":{"rendered":"Orchesterfusion auch in Belgien"},"content":{"rendered":"<p><span style=\"font-family: arial,helvetica,sans-serif; font-size: small;\">25.09.2015 &#8212; Auch Belgien wird von der Konsolidierung der europ\u00e4ischen Orchesterlandschaft nicht verschont: Das Belgische Nationalorchester und das Orchester des Opernhauses La Monnaie werden zusammengelegt.<\/span><\/p>\n<p>\u00a0<\/p>\n<p><span style=\"font-family: arial,helvetica,sans-serif; font-size: small;\"><strong>25.09.2015 &#8212; Auch Belgien wird von der Konsolidierung der europ\u00e4ischen Orchesterlandschaft nicht verschont: Das Belgische Nationalorchester und das Orchester des Opernhauses La Monnaie werden zusammengelegt.<\/strong><\/span><\/p>\n<p>\u00a0<\/p>\n<p><span style=\"font-family: arial,helvetica,sans-serif; font-size: small;\">Laut einem Bericht des luxemburgischen Fachmagazins <em>Pizzicato<\/em> plant die belgische Regierung die Zusammenlegung der beiden Ensembles auf l\u00e4ngere Sicht. Best\u00e4tigt worden sei dies vom Kulturmnisterium. Die entsprechenden Umbaupl\u00e4ne sollen ab 2016 eingeleitet werden. 2026 soll die Fusion abgeschlossen sein. \u00a0 <\/span><\/p>\n<p>\u00a0<\/p>\n<p><span style=\"font-family: arial,helvetica,sans-serif; font-size: small;\">Als erstes sollen die beiden Ensembles einen gemeinsamen Musikalischen Leiter und eine gemeinsame Orchesterakademie erhalten. Mit Musikern beider Orchester sollen zudem ein Barockensemble und ein Ensemble f\u00fcr zeitgen\u00f6ssische Musik ins Leben gerufen werden. Zudem sollen gemeinsame Konzertreihen eingef\u00fchrt werden. <em>(cf)<\/em><\/span> <\/p>\n","protected":false},"excerpt":{"rendered":"<p><span style=\"font-family: arial,helvetica,sans-serif; font-size: small;\">25.09.2015 &#8212; Auch Belgien wird von der Konsolidierung der europ\u00e4ischen Orchesterlandschaft nicht verschont: Das Belgische Nationalorchester und das Orchester des Opernhauses La Monnaie werden zusammengelegt.<\/span><\/p>\n","protected":false},"author":1,"featured_media":0,"comment_status":"open","ping_status":"open","sticky":false,"template":"","format":"standard","meta":{"footnotes":""},"categories":[2],"tags":[],"class_list":["post-2562","post","type-post","status-publish","format-standard","hentry","category-nachrichten","entry"],"_links":{"self":[{"href":"https:\/\/codexflores.ch\/index.php\/wp-json\/wp\/v2\/posts\/2562","targetHints":{"allow":["GET"]}}],"collection":[{"href":"https:\/\/codexflores.ch\/index.php\/wp-json\/wp\/v2\/posts"}],"about":[{"href":"https:\/\/codexflores.ch\/index.php\/wp-json\/wp\/v2\/types\/post"}],"author":[{"embeddable":true,"href":"https:\/\/codexflores.ch\/index.php\/wp-json\/wp\/v2\/users\/1"}],"replies":[{"embeddable":true,"href":"https:\/\/codexflores.ch\/index.php\/wp-json\/wp\/v2\/comments?post=2562"}],"version-history":[{"count":0,"href":"https:\/\/codexflores.ch\/index.php\/wp-json\/wp\/v2\/posts\/2562\/revisions"}],"wp:attachment":[{"href":"https:\/\/codexflores.ch\/index.php\/wp-json\/wp\/v2\/media?parent=2562"}],"wp:term":[{"taxonomy":"category","embeddable":true,"href":"https:\/\/codexflores.ch\/index.php\/wp-json\/wp\/v2\/categories?post=2562"},{"taxonomy":"post_tag","embeddable":true,"href":"https:\/\/codexflores.ch\/index.php\/wp-json\/wp\/v2\/tags?post=2562"}],"curies":[{"name":"wp","href":"https:\/\/api.w.org\/{rel}","templated":true}]}}