{"id":2563,"date":"2015-09-28T05:41:01","date_gmt":"2015-09-28T05:41:01","guid":{"rendered":"https:\/\/codexflores.ch\/index.php\/2015\/09\/28\/neues-musikbibliothekszentrum-in-detmold\/"},"modified":"2015-09-28T05:41:01","modified_gmt":"2015-09-28T05:41:01","slug":"neues-musikbibliothekszentrum-in-detmold","status":"publish","type":"post","link":"https:\/\/codexflores.ch\/index.php\/2015\/09\/28\/neues-musikbibliothekszentrum-in-detmold\/","title":{"rendered":"Neues Musikbibliothekszentrum in Detmold"},"content":{"rendered":"<p><span style=\"font-family: arial,helvetica,sans-serif; font-size: small;\">28.09.2015 &#8212; In Detmold vereint ein neues Bibliothekszentrum die drei Best\u00e4nde der Hochschule f\u00fcr Musik, der Lippischen Landesbibliothek und des Musikwissenschaftlichen Seminars Detmold\/Paderborn unter einem Dach.<\/span><\/p>\n<p><span style=\"font-family: arial,helvetica,sans-serif; font-size: small;\"><strong>28.09.2015 &#8212; In Detmold vereint ein neues Bibliothekszentrum die drei Best\u00e4nde der Hochschule f\u00fcr Musik, der Lippischen Landesbibliothek und des Musikwissenschaftlichen Seminars Detmold\/Paderborn unter einem Dach.<\/strong><\/span><\/p>\n<p><span style=\"font-family: arial,helvetica,sans-serif; font-size: small;\">\u00a0<\/span><\/p>\n<p><span style=\"font-family: arial,helvetica,sans-serif; font-size: small;\">Gleichzeitig entsteht laut der Mitteilung des nordrheinwestf\u00e4lischen Ministerium f\u00fcr Innovation, Wissenschaft und Forschung mit dem Neubau ein unmittelbarer Zugang zum Landesarchiv NRW und zum Netzwerk Musikhochschulen. Das Wissenschaftsministerium hat in Bau und Ersteinrichtung 7,8 Millionen Euro investiert.<\/span><\/p>\n<p>\u00a0<\/p>\n<p><span style=\"font-family: arial,helvetica,sans-serif; font-size: small;\">Das neue Geb\u00e4ude hat eine Nutzfl\u00e4che von 1840 Quadratmetern. Es wurde im Mai 2015 fertiggestellt, im September ist der Betrieb gestartet. Die Gesamtkosten f\u00fcr Bau und Ersteinrichtung von rund 8,6 Millionen Euro werden aus Mitteln des Wissenschaftsministeriums und Eigenmitteln der Hochschule f\u00fcr Musik Detmold sowie einem Zuschuss der Universit\u00e4t Paderborn getragen. Der Landesverband Lippe als Eigent\u00fcmer der Lippischen Landesbibliothek beteiligt sich mit der H\u00e4lfte der Baukosten f\u00fcr den Verbindungsbau.\u00a0<em>(cf)<\/em><\/span><\/p>\n<p>\u00a0<\/p>\n<p>\u00a0<\/p>\n","protected":false},"excerpt":{"rendered":"<p><span style=\"font-family: arial,helvetica,sans-serif; font-size: small;\">28.09.2015 &#8212; In Detmold vereint ein neues Bibliothekszentrum die drei Best\u00e4nde der Hochschule f\u00fcr Musik, der Lippischen Landesbibliothek und des Musikwissenschaftlichen Seminars Detmold\/Paderborn unter einem Dach.<\/span><\/p>\n","protected":false},"author":1,"featured_media":0,"comment_status":"open","ping_status":"open","sticky":false,"template":"","format":"standard","meta":{"footnotes":""},"categories":[2],"tags":[],"class_list":["post-2563","post","type-post","status-publish","format-standard","hentry","category-nachrichten","entry"],"_links":{"self":[{"href":"https:\/\/codexflores.ch\/index.php\/wp-json\/wp\/v2\/posts\/2563","targetHints":{"allow":["GET"]}}],"collection":[{"href":"https:\/\/codexflores.ch\/index.php\/wp-json\/wp\/v2\/posts"}],"about":[{"href":"https:\/\/codexflores.ch\/index.php\/wp-json\/wp\/v2\/types\/post"}],"author":[{"embeddable":true,"href":"https:\/\/codexflores.ch\/index.php\/wp-json\/wp\/v2\/users\/1"}],"replies":[{"embeddable":true,"href":"https:\/\/codexflores.ch\/index.php\/wp-json\/wp\/v2\/comments?post=2563"}],"version-history":[{"count":0,"href":"https:\/\/codexflores.ch\/index.php\/wp-json\/wp\/v2\/posts\/2563\/revisions"}],"wp:attachment":[{"href":"https:\/\/codexflores.ch\/index.php\/wp-json\/wp\/v2\/media?parent=2563"}],"wp:term":[{"taxonomy":"category","embeddable":true,"href":"https:\/\/codexflores.ch\/index.php\/wp-json\/wp\/v2\/categories?post=2563"},{"taxonomy":"post_tag","embeddable":true,"href":"https:\/\/codexflores.ch\/index.php\/wp-json\/wp\/v2\/tags?post=2563"}],"curies":[{"name":"wp","href":"https:\/\/api.w.org\/{rel}","templated":true}]}}