{"id":2564,"date":"2015-09-29T05:53:30","date_gmt":"2015-09-29T05:53:30","guid":{"rendered":"https:\/\/codexflores.ch\/index.php\/2015\/09\/29\/bilanz-der-22-klangspuren-schwaz\/"},"modified":"2015-09-29T05:53:30","modified_gmt":"2015-09-29T05:53:30","slug":"bilanz-der-22-klangspuren-schwaz","status":"publish","type":"post","link":"https:\/\/codexflores.ch\/index.php\/2015\/09\/29\/bilanz-der-22-klangspuren-schwaz\/","title":{"rendered":"Bilanz der 22. Klangspuren Schwaz"},"content":{"rendered":"<p><span style=\"font-family: arial,helvetica,sans-serif; font-size: small;\">29.09.2015 &#8212; In 24 Konzerten und Sonderveranstaltungen an den verschiedensten Veranstaltungsorten z\u00e4hlten die diesj\u00e4hrigen Klangspuren Schwaz rund 4200 Besuche.\u00a0 Mit von der Partie: Das Basler Alphornquartett Hornroh.<\/span><\/p>\n<p><span style=\"font-family: arial,helvetica,sans-serif; font-size: small;\"><strong>29.09.2015 &#8212; In 24 Konzerten und Sonderveranstaltungen an den verschiedensten Veranstaltungsorten z\u00e4hlten die diesj\u00e4hrigen Klangspuren Schwaz rund 4200 Besuche.\u00a0 Mit von der Partie: Das Basler Alphornquartett Hornroh.<\/strong><\/span><\/p>\n<p><span style=\"font-family: arial,helvetica,sans-serif; font-size: small;\">\u00a0<\/span><\/p>\n<p><span style=\"font-family: arial,helvetica,sans-serif; font-size: small;\">Ein k\u00fcnstlerischer H\u00f6hepunkt war das Er\u00f6ffnungskonzert des Tiroler Symphonieorchesters Innsbruck unter Leitung seines Chefdirigenten Francesco Angelico mit Urauff\u00fchrungen von Carlo Ciceri und Gerhard E. Winkler sowie dem \u00abConcerto grosso\u00bb von Georg Friedrich Haas mit dem Basler Alphornquartett Hornroh.\u00a0<\/span><\/p>\n<p><span style=\"font-family: arial,helvetica,sans-serif; font-size: small;\">\u00a0<\/span><\/p>\n<p><span style=\"font-family: arial,helvetica,sans-serif; font-size: small;\">38 junge Musikerinnen und Musiker aus 19 L\u00e4ndern nahmen an der 12. Klangspuren\u00a0 Internationale Ensemble Modern Akademie teil. Sie pr\u00e4sentierten die Ergebnisse ihrer Zusammenarbeit mit den Meistern des Ensemble Modern und dem schweiz\u00f6sterreichischen Composer in Residence Beat Furrer in zwei Ensemblekonzerten sowie in Kurzkonzerten mit kleiner Besetzung innerhalb der Rent-a-Musician-Reihe, zu denen 18 Gastgeber in ihre Wohnzimmer, in den Garten oder in ihren Betrieb eingeladen hatten.\u00a0<em> (cf)<\/em><\/span><\/p>\n<p><span style=\"font-family: arial,helvetica,sans-serif; font-size: small;\">\u00a0<\/span><\/p>\n<p>\u00a0<\/p>\n","protected":false},"excerpt":{"rendered":"<p><span style=\"font-family: arial,helvetica,sans-serif; font-size: small;\">29.09.2015 &#8212; In 24 Konzerten und Sonderveranstaltungen an den verschiedensten Veranstaltungsorten z\u00e4hlten die diesj\u00e4hrigen Klangspuren Schwaz rund 4200 Besuche.\u00a0 Mit von der Partie: Das Basler Alphornquartett Hornroh.<\/span><\/p>\n","protected":false},"author":1,"featured_media":0,"comment_status":"open","ping_status":"open","sticky":false,"template":"","format":"standard","meta":{"footnotes":""},"categories":[2],"tags":[],"class_list":["post-2564","post","type-post","status-publish","format-standard","hentry","category-nachrichten","entry"],"_links":{"self":[{"href":"https:\/\/codexflores.ch\/index.php\/wp-json\/wp\/v2\/posts\/2564","targetHints":{"allow":["GET"]}}],"collection":[{"href":"https:\/\/codexflores.ch\/index.php\/wp-json\/wp\/v2\/posts"}],"about":[{"href":"https:\/\/codexflores.ch\/index.php\/wp-json\/wp\/v2\/types\/post"}],"author":[{"embeddable":true,"href":"https:\/\/codexflores.ch\/index.php\/wp-json\/wp\/v2\/users\/1"}],"replies":[{"embeddable":true,"href":"https:\/\/codexflores.ch\/index.php\/wp-json\/wp\/v2\/comments?post=2564"}],"version-history":[{"count":0,"href":"https:\/\/codexflores.ch\/index.php\/wp-json\/wp\/v2\/posts\/2564\/revisions"}],"wp:attachment":[{"href":"https:\/\/codexflores.ch\/index.php\/wp-json\/wp\/v2\/media?parent=2564"}],"wp:term":[{"taxonomy":"category","embeddable":true,"href":"https:\/\/codexflores.ch\/index.php\/wp-json\/wp\/v2\/categories?post=2564"},{"taxonomy":"post_tag","embeddable":true,"href":"https:\/\/codexflores.ch\/index.php\/wp-json\/wp\/v2\/tags?post=2564"}],"curies":[{"name":"wp","href":"https:\/\/api.w.org\/{rel}","templated":true}]}}