{"id":2565,"date":"2015-09-29T05:59:27","date_gmt":"2015-09-29T05:59:27","guid":{"rendered":"https:\/\/codexflores.ch\/index.php\/2015\/09\/29\/demenz-wird-dank-konzert-theater-bern-zum-opernthema\/"},"modified":"2015-09-29T05:59:27","modified_gmt":"2015-09-29T05:59:27","slug":"demenz-wird-dank-konzert-theater-bern-zum-opernthema","status":"publish","type":"post","link":"https:\/\/codexflores.ch\/index.php\/2015\/09\/29\/demenz-wird-dank-konzert-theater-bern-zum-opernthema\/","title":{"rendered":"Demenz wird dank Konzert Theater Bern zum Opernthema"},"content":{"rendered":"<p><span style=\"font-family: arial,helvetica,sans-serif; font-size: small;\">29.09.2015 &#8212; Mit \u00abAlzheim\u00bb, das in der Saison 2017\/18 uraufgef\u00fchrt wird, stellt Konzert Theater Bern das erste Musiktheaterwerk vor, welches das Thema Demenz im Zwischenreich von Schauspiel und Oper verhandelt.<\/span><\/p>\n<p><strong><span style=\"font-family: arial,helvetica,sans-serif; font-size: small;\">29.09.2015 &#8212; Mit \u00abAlzheim\u00bb, das in der Saison 2017\/18 uraufgef\u00fchrt wird, stellt Konzert Theater Bern das erste Musiktheaterwerk vor, welches das Thema Demenz im Zwischenreich von Schauspiel und Oper verhandelt.<\/span><\/strong><\/p>\n<p><span style=\"font-family: arial,helvetica,sans-serif; font-size: small;\">\u00a0<\/span><\/p>\n<p><span style=\"font-family: arial,helvetica,sans-serif; font-size: small;\">Text und das Libretto des Werkes stammen vom Autoren und Journalisten J\u00fcrgen Berger. Er lernte den geb\u00fcrtigen Berner Martin Woodtli kennen, der im thail\u00e4ndischen Chiang Mai eine Einrichtung zur Betreuung von Demenzkranken gegr\u00fcndet hat. Regisseur Ludger Engels, unter anderem in Bern mit seinen Operninszenierungen \u00abMacbeth\u00bb, \u00abPeter Grimes\u00bb und \u00abSalome\u00bb bekannt, hatte die Idee, aus \u00abAlzheim\u00bb ein St\u00fcck f\u00fcr Schauspiel und Musik zu machen. <\/span><\/p>\n<p>\u00a0<\/p>\n<p><span style=\"font-family: arial,helvetica,sans-serif; font-size: small;\">Konzert- und Operndirektor Xavier Zuber, entwickelte das Projekt mit Berger und Engels weiter und konnte f\u00fcr den musikalischen Teil den Genfer Komponisten Xavier Dayer gewinnen.\u00a0<em> (cf)<\/em><\/span><\/p>\n<p><span style=\"font-family: arial,helvetica,sans-serif; font-size: small;\">\u00a0<\/span><\/p>\n","protected":false},"excerpt":{"rendered":"<p><span style=\"font-family: arial,helvetica,sans-serif; font-size: small;\">29.09.2015 &#8212; Mit \u00abAlzheim\u00bb, das in der Saison 2017\/18 uraufgef\u00fchrt wird, stellt Konzert Theater Bern das erste Musiktheaterwerk vor, welches das Thema Demenz im Zwischenreich von Schauspiel und Oper verhandelt.<\/span><\/p>\n","protected":false},"author":1,"featured_media":0,"comment_status":"open","ping_status":"open","sticky":false,"template":"","format":"standard","meta":{"footnotes":""},"categories":[2],"tags":[],"class_list":["post-2565","post","type-post","status-publish","format-standard","hentry","category-nachrichten","entry"],"_links":{"self":[{"href":"https:\/\/codexflores.ch\/index.php\/wp-json\/wp\/v2\/posts\/2565","targetHints":{"allow":["GET"]}}],"collection":[{"href":"https:\/\/codexflores.ch\/index.php\/wp-json\/wp\/v2\/posts"}],"about":[{"href":"https:\/\/codexflores.ch\/index.php\/wp-json\/wp\/v2\/types\/post"}],"author":[{"embeddable":true,"href":"https:\/\/codexflores.ch\/index.php\/wp-json\/wp\/v2\/users\/1"}],"replies":[{"embeddable":true,"href":"https:\/\/codexflores.ch\/index.php\/wp-json\/wp\/v2\/comments?post=2565"}],"version-history":[{"count":0,"href":"https:\/\/codexflores.ch\/index.php\/wp-json\/wp\/v2\/posts\/2565\/revisions"}],"wp:attachment":[{"href":"https:\/\/codexflores.ch\/index.php\/wp-json\/wp\/v2\/media?parent=2565"}],"wp:term":[{"taxonomy":"category","embeddable":true,"href":"https:\/\/codexflores.ch\/index.php\/wp-json\/wp\/v2\/categories?post=2565"},{"taxonomy":"post_tag","embeddable":true,"href":"https:\/\/codexflores.ch\/index.php\/wp-json\/wp\/v2\/tags?post=2565"}],"curies":[{"name":"wp","href":"https:\/\/api.w.org\/{rel}","templated":true}]}}