{"id":2567,"date":"2015-09-30T05:47:58","date_gmt":"2015-09-30T05:47:58","guid":{"rendered":"https:\/\/codexflores.ch\/index.php\/2015\/09\/30\/pressler-erhaelt-echo-klassik-fuer-sein-lebenswerk\/"},"modified":"2015-09-30T05:47:58","modified_gmt":"2015-09-30T05:47:58","slug":"pressler-erhaelt-echo-klassik-fuer-sein-lebenswerk","status":"publish","type":"post","link":"https:\/\/codexflores.ch\/index.php\/2015\/09\/30\/pressler-erhaelt-echo-klassik-fuer-sein-lebenswerk\/","title":{"rendered":"Pressler erh\u00e4lt Echo Klassik f\u00fcr sein Lebenswerk"},"content":{"rendered":"<p><span style=\"font-family: arial,helvetica,sans-serif; font-size: small;\">30.09.2015 &#8212; Der heute 91-j\u00e4hrige Solopianist und Kammermusiker Menahem Pressler, der Gr\u00fcnder des Beaux Arts Trio, wird f\u00fcr sein Lebenswerk mit dem Echo Klassik geehrt.<\/span><\/p>\n<p><span style=\"font-family: arial,helvetica,sans-serif; font-size: small;\"><strong>30.09.2015 &#8212; Der heute 91-j\u00e4hrige Solopianist und Kammermusiker Menahem Pressler, der Gr\u00fcnder des Beaux Arts Trio, wird f\u00fcr sein Lebenswerk mit dem Echo Klassik geehrt.<\/strong><\/span><\/p>\n<p>\u00a0<\/p>\n<p><span style=\"font-family: arial,helvetica,sans-serif; font-size: small;\">Menahem Pressler wird den Echo Klassik im Rahmen der Verleihung am 18. Oktober 2015 im Konzerthaus Berlin pers\u00f6nlich entgegennehmen und auch zu h\u00f6ren sein. Neben ihm werden El\u012bna Garan\u010da, David Garrett, Jonas Kaufmann, Lang Lang, Andreas Ottensamer, Nemanja Radulovi\u0107 und Maurice Steger sowie die mit dem Echo Klassik ausgezeichneten Nachwuchsk\u00fcnstler Bryan Hymel und Sonya Yoncheva\u00a0 auftreten. <br \/><\/span><\/p>\n<p>\u00a0<\/p>\n<p><span style=\"font-family: arial,helvetica,sans-serif; font-size: small;\">Der 1923 geborene Menahem Pressler spielte mehr als 50 Aufnahmen mit dem Beaux Arts Trio und \u00fcber 30 Aufnahmen als Solok\u00fcnstler ein. Er ist zudem Professor f\u00fcr Klavier an der Indiana University Music School und gibt Meisterkurse in aller Welt. (cf)<\/span><\/p>\n","protected":false},"excerpt":{"rendered":"<p><span style=\"font-family: arial,helvetica,sans-serif; font-size: small;\">30.09.2015 &#8212; Der heute 91-j\u00e4hrige Solopianist und Kammermusiker Menahem Pressler, der Gr\u00fcnder des Beaux Arts Trio, wird f\u00fcr sein Lebenswerk mit dem Echo Klassik geehrt.<\/span><\/p>\n","protected":false},"author":1,"featured_media":0,"comment_status":"open","ping_status":"open","sticky":false,"template":"","format":"standard","meta":{"footnotes":""},"categories":[2],"tags":[],"class_list":["post-2567","post","type-post","status-publish","format-standard","hentry","category-nachrichten","entry"],"_links":{"self":[{"href":"https:\/\/codexflores.ch\/index.php\/wp-json\/wp\/v2\/posts\/2567","targetHints":{"allow":["GET"]}}],"collection":[{"href":"https:\/\/codexflores.ch\/index.php\/wp-json\/wp\/v2\/posts"}],"about":[{"href":"https:\/\/codexflores.ch\/index.php\/wp-json\/wp\/v2\/types\/post"}],"author":[{"embeddable":true,"href":"https:\/\/codexflores.ch\/index.php\/wp-json\/wp\/v2\/users\/1"}],"replies":[{"embeddable":true,"href":"https:\/\/codexflores.ch\/index.php\/wp-json\/wp\/v2\/comments?post=2567"}],"version-history":[{"count":0,"href":"https:\/\/codexflores.ch\/index.php\/wp-json\/wp\/v2\/posts\/2567\/revisions"}],"wp:attachment":[{"href":"https:\/\/codexflores.ch\/index.php\/wp-json\/wp\/v2\/media?parent=2567"}],"wp:term":[{"taxonomy":"category","embeddable":true,"href":"https:\/\/codexflores.ch\/index.php\/wp-json\/wp\/v2\/categories?post=2567"},{"taxonomy":"post_tag","embeddable":true,"href":"https:\/\/codexflores.ch\/index.php\/wp-json\/wp\/v2\/tags?post=2567"}],"curies":[{"name":"wp","href":"https:\/\/api.w.org\/{rel}","templated":true}]}}