{"id":2568,"date":"2015-09-30T05:58:17","date_gmt":"2015-09-30T05:58:17","guid":{"rendered":"https:\/\/codexflores.ch\/index.php\/2015\/09\/30\/suzuki-vom-gutenberg-lehrkolleg-geehrt\/"},"modified":"2015-09-30T05:58:17","modified_gmt":"2015-09-30T05:58:17","slug":"suzuki-vom-gutenberg-lehrkolleg-geehrt","status":"publish","type":"post","link":"https:\/\/codexflores.ch\/index.php\/2015\/09\/30\/suzuki-vom-gutenberg-lehrkolleg-geehrt\/","title":{"rendered":"Suzuki vom Gutenberg Lehrkolleg geehrt"},"content":{"rendered":"<p><span style=\"font-family: arial,helvetica,sans-serif; font-size: small;\">30.09.2015 &#8212; Der japanische Dirigent und Bach-Spezialist Masaaki Suzuki wird vom Gutenberg Lehrkolleg (GLK) der Johannes Gutenberg-Universit\u00e4t Mainz (JGU) mit einem \u00abGutenberg Teaching Award\u00bb ausgezeichnet.<\/span><\/p>\n<p><span style=\"font-family: arial,helvetica,sans-serif; font-size: small;\"><strong>30.09.2015 &#8212; Der japanische Dirigent und Bach-Spezialist Masaaki Suzuki wird vom Gutenberg Lehrkolleg (GLK) der Johannes Gutenberg-Universit\u00e4t Mainz (JGU) mit einem \u00abGutenberg Teaching Award\u00bb ausgezeichnet.<\/strong><\/span><\/p>\n<p><span style=\"font-family: arial,helvetica,sans-serif; font-size: small;\">\u00a0<\/span><\/p>\n<p><span style=\"font-family: arial,helvetica,sans-serif; font-size: small;\">Suzuki, 1954 in K\u014dbe in Japan geboren, studierte Komposition, Orgel und Cembalo an der Nationalen Universit\u00e4t f\u00fcr Kunst und Musik in Tokio und am Sweelinck-Konservatorium in Amsterdam. Als Musikalischer Leiter des von ihm 1990 gegr\u00fcndeten Bach Collegium Japan konzertiert Suzuki mit seinem Ensemble regelm\u00e4ssig bei bedeutenden Veranstaltungen und Festivals in Europa und den USA.<\/span><\/p>\n<p><span style=\"font-family: arial,helvetica,sans-serif; font-size: small;\">\u00a0<\/span><\/p>\n<p><span style=\"font-family: arial,helvetica,sans-serif; font-size: small;\">Der Gutenberg Teaching Award wird vom GLK an Pers\u00f6nlichkeiten verliehen, die sich in besonderer Weise um die Weiterentwicklung der Lehre und die Verbesserung der Lehrqualit\u00e4t in der akademischen Ausbildung verdient gemacht haben. Suzuki habe sich um die Weiterentwicklung der akademischen Lehre in den Instrumentalf\u00e4chern, im Dirigieren und im Gesang verdient gemacht, indem er seine p\u00e4dagogische Arbeit \u00fcber Fach- und Kulturgrenzen hinweg ge\u00f6ffnet habe, heisst es in der Begr\u00fcndung. <em>(cf)<\/em><\/span><\/p>\n","protected":false},"excerpt":{"rendered":"<p><span style=\"font-family: arial,helvetica,sans-serif; font-size: small;\">30.09.2015 &#8212; Der japanische Dirigent und Bach-Spezialist Masaaki Suzuki wird vom Gutenberg Lehrkolleg (GLK) der Johannes Gutenberg-Universit\u00e4t Mainz (JGU) mit einem \u00abGutenberg Teaching Award\u00bb ausgezeichnet.<\/span><\/p>\n","protected":false},"author":1,"featured_media":0,"comment_status":"open","ping_status":"open","sticky":false,"template":"","format":"standard","meta":{"footnotes":""},"categories":[2],"tags":[],"class_list":["post-2568","post","type-post","status-publish","format-standard","hentry","category-nachrichten","entry"],"_links":{"self":[{"href":"https:\/\/codexflores.ch\/index.php\/wp-json\/wp\/v2\/posts\/2568","targetHints":{"allow":["GET"]}}],"collection":[{"href":"https:\/\/codexflores.ch\/index.php\/wp-json\/wp\/v2\/posts"}],"about":[{"href":"https:\/\/codexflores.ch\/index.php\/wp-json\/wp\/v2\/types\/post"}],"author":[{"embeddable":true,"href":"https:\/\/codexflores.ch\/index.php\/wp-json\/wp\/v2\/users\/1"}],"replies":[{"embeddable":true,"href":"https:\/\/codexflores.ch\/index.php\/wp-json\/wp\/v2\/comments?post=2568"}],"version-history":[{"count":0,"href":"https:\/\/codexflores.ch\/index.php\/wp-json\/wp\/v2\/posts\/2568\/revisions"}],"wp:attachment":[{"href":"https:\/\/codexflores.ch\/index.php\/wp-json\/wp\/v2\/media?parent=2568"}],"wp:term":[{"taxonomy":"category","embeddable":true,"href":"https:\/\/codexflores.ch\/index.php\/wp-json\/wp\/v2\/categories?post=2568"},{"taxonomy":"post_tag","embeddable":true,"href":"https:\/\/codexflores.ch\/index.php\/wp-json\/wp\/v2\/tags?post=2568"}],"curies":[{"name":"wp","href":"https:\/\/api.w.org\/{rel}","templated":true}]}}