{"id":2572,"date":"2015-10-01T06:19:38","date_gmt":"2015-10-01T06:19:38","guid":{"rendered":"https:\/\/codexflores.ch\/index.php\/2015\/10\/01\/muenchner-tagung-zu-community-music\/"},"modified":"2015-10-01T06:19:38","modified_gmt":"2015-10-01T06:19:38","slug":"muenchner-tagung-zu-community-music","status":"publish","type":"post","link":"https:\/\/codexflores.ch\/index.php\/2015\/10\/01\/muenchner-tagung-zu-community-music\/","title":{"rendered":"M\u00fcnchner Tagung zu \u00abCommunity Music\u00bb"},"content":{"rendered":"<p><span style=\"font-family: arial,helvetica,sans-serif; font-size: small;\">01.10.2015 &#8212; Die Tagung \u00abCommunity Music in Theorie und Praxis\u00bb ( 12. bis 14. November 2015 in M\u00fcnchen) bringt Community Musicians aus aller Welt zum Erfahrungsaustausch zusammen. Erwartet werden G\u00e4ste aus 13 L\u00e4ndern, unter anderem aus Australien, Grossbritannien, Israel, den USA oder den Niederlanden.<\/span><\/p>\n<p><span style=\"font-family: arial,helvetica,sans-serif; font-size: small;\"><strong>01.10.2015 &#8212; Die Tagung \u00abCommunity Music in Theorie und Praxis\u00bb ( 12. bis 14. November 2015 in M\u00fcnchen) bringt Community Musicians aus aller Welt zum Erfahrungsaustausch zusammen. Erwartet werden G\u00e4ste aus 13 L\u00e4ndern, unter anderem aus Australien, Grossbritannien, Israel, den USA oder den Niederlanden.<\/strong><\/span><\/p>\n<p><span style=\"font-family: arial,helvetica,sans-serif; font-size: small;\">\u00a0<\/span><\/p>\n<p><span style=\"font-family: arial,helvetica,sans-serif; font-size: small;\">Community Music (CM) setzt neue Akzente in der Musikp\u00e4dagogik und -vermittlung. Das Ziel: Menschen unterschiedlicher Herkunft und mit verschiedenen Voraussetzungen sollen miteinander musizieren, soziale Gruppen zusammenfinden. Das musikalische Lernen und der soziale Prozess sind dabei gleichberechtigt. Der Spass am Musizieren, die Steigerung des Selbstwertgef\u00fchls, die soziale Inklusion sind die wesentlichen Ziele von Community Music.<\/span><\/p>\n<p><span style=\"font-family: arial,helvetica,sans-serif; font-size: small;\">\u00a0<\/span><\/p>\n<p><span style=\"font-family: arial,helvetica,sans-serif; font-size: small;\">Die Idee zur M\u00fcnchner Fachtagung entstand \u2013 unter Federf\u00fchrung der Community Musikerin Alicia Banffy-Hall \u2013 in der CM Aktionsforschungsgruppe M\u00fcnchen. Die Tagung wird von Burkhard Hill der Hochschule M\u00fcnchen in Kooperation mit dem Kulturreferat der Landeshauptstadt M\u00fcnchen, den M\u00fcnchner Philharmonikern, der Hochschule f\u00fcr Musik und Theater M\u00fcnchen, dem P\u00e4dagogischen Institut und dem Popularmusikbeauftragten des Bezirks Oberbayern veranstaltet. <span style=\"font-family: arial,helvetica,sans-serif; font-size: small;\">Einen Beitrag aus der Schweiz leistet die ZHdK-Professorin Elisabeth Danuser.<\/span> <em>(cf)<\/em><\/span><\/p>\n<p><span style=\"font-family: arial,helvetica,sans-serif; font-size: small;\"><em>\u00a0<\/em><\/span><\/p>\n<p><span style=\"font-family: arial,helvetica,sans-serif; font-size: small;\"><strong>Mehr Infos:<\/strong> <a href=\"http:\/\/munichcommunitymusicconference.blogspot.de\/\" target=\"_blank\" rel=\"noopener noreferrer\">http:\/\/munichcommunitymusicconference.blogspot.de\/<\/a><em><br \/><\/em><\/span><\/p>\n","protected":false},"excerpt":{"rendered":"<p><span style=\"font-family: arial,helvetica,sans-serif; font-size: small;\">01.10.2015 &#8212; Die Tagung \u00abCommunity Music in Theorie und Praxis\u00bb ( 12. bis 14. November 2015 in M\u00fcnchen) bringt Community Musicians aus aller Welt zum Erfahrungsaustausch zusammen. Erwartet werden G\u00e4ste aus 13 L\u00e4ndern, unter anderem aus Australien, Grossbritannien, Israel, den USA oder den Niederlanden.<\/span><\/p>\n","protected":false},"author":1,"featured_media":0,"comment_status":"open","ping_status":"open","sticky":false,"template":"","format":"standard","meta":{"footnotes":""},"categories":[2],"tags":[],"class_list":["post-2572","post","type-post","status-publish","format-standard","hentry","category-nachrichten","entry"],"_links":{"self":[{"href":"https:\/\/codexflores.ch\/index.php\/wp-json\/wp\/v2\/posts\/2572","targetHints":{"allow":["GET"]}}],"collection":[{"href":"https:\/\/codexflores.ch\/index.php\/wp-json\/wp\/v2\/posts"}],"about":[{"href":"https:\/\/codexflores.ch\/index.php\/wp-json\/wp\/v2\/types\/post"}],"author":[{"embeddable":true,"href":"https:\/\/codexflores.ch\/index.php\/wp-json\/wp\/v2\/users\/1"}],"replies":[{"embeddable":true,"href":"https:\/\/codexflores.ch\/index.php\/wp-json\/wp\/v2\/comments?post=2572"}],"version-history":[{"count":0,"href":"https:\/\/codexflores.ch\/index.php\/wp-json\/wp\/v2\/posts\/2572\/revisions"}],"wp:attachment":[{"href":"https:\/\/codexflores.ch\/index.php\/wp-json\/wp\/v2\/media?parent=2572"}],"wp:term":[{"taxonomy":"category","embeddable":true,"href":"https:\/\/codexflores.ch\/index.php\/wp-json\/wp\/v2\/categories?post=2572"},{"taxonomy":"post_tag","embeddable":true,"href":"https:\/\/codexflores.ch\/index.php\/wp-json\/wp\/v2\/tags?post=2572"}],"curies":[{"name":"wp","href":"https:\/\/api.w.org\/{rel}","templated":true}]}}