{"id":2573,"date":"2015-10-02T05:14:46","date_gmt":"2015-10-02T05:14:46","guid":{"rendered":"https:\/\/codexflores.ch\/index.php\/2015\/10\/02\/eine-theorieoper-an-den-donaueschinger-musiktagen\/"},"modified":"2015-10-02T05:14:46","modified_gmt":"2015-10-02T05:14:46","slug":"eine-theorieoper-an-den-donaueschinger-musiktagen","status":"publish","type":"post","link":"https:\/\/codexflores.ch\/index.php\/2015\/10\/02\/eine-theorieoper-an-den-donaueschinger-musiktagen\/","title":{"rendered":"Eine \u00abTheorieoper\u00bb an den Donaueschinger Musiktagen"},"content":{"rendered":"<p><span style=\"color: #000000; font-family: arial,helvetica,sans-serif; font-size: small;\">02.10.2015 &#8212; Im Rahmen der Donaueschinger Musiktage 2015 findet am 17. Oktober die Urauff\u00fchrung von Patrick Franks \u00abFreiheit \u2013 die eutopische Gesellschaft\u00bb statt.<\/span><\/p>\n<p>\u00a0<\/p>\n<p><span style=\"font-family: arial,helvetica,sans-serif; font-size: small;\"><strong><span style=\"color: #000000;\">02.10.2015 &#8212; Im Rahmen der Donaueschinger Musiktage 2015 findet am 17. Oktober die Urauff\u00fchrung von Patrick Franks \u00abFreiheit \u2013 die eutopische Gesellschaft\u00bb statt.<\/span><\/strong><\/span><\/p>\n<p><span style=\"color: #000000; font-family: arial,helvetica,sans-serif; font-size: small;\">\u00a0<\/span><\/p>\n<p><span style=\"color: #000000; font-family: arial,helvetica,sans-serif; font-size: small;\"><span style=\"color: #000000;\">Die vierst\u00fcndige \u00abTheorieoper\u00bb des Komponisten und Kulturtheoretikers Frank ist laut der Schweizer Kulturstiftung Pro Helvetia Happening, Installation, Performance, Symposium und Konzert zugleich. Sie findet in vier verschiedenen, akustisch miteinander verbundenen R\u00e4umen statt. <br \/><\/span><\/span><\/p>\n<p><span style=\"color: #000000; font-family: arial,helvetica,sans-serif; font-size: small;\"><span style=\"color: #000000;\">\u00a0<\/span><\/span><\/p>\n<p><span style=\"color: #000000;\"><span style=\"color: #000000;\"><span style=\"font-family: arial,helvetica,sans-serif; font-size: small;\">Thema des musikalisch-diskursiven Tableaus sei der Begriff der Freiheit, der als zentrales Ideologem der westlichen Gesellschaften viele Widerspr\u00fcche in sich vereine und auch vor Missbrauch nicht gefeit sei, heisst es auf der Webseite der Musiktage. Franks <span style=\"color: #000000;\"><span style=\"color: #000000;\">\u00abTheorieoper\u00bb<\/span><\/span> sei <span style=\"color: #000000;\"><span style=\"color: #000000;\"><span style=\"color: #000000;\"><span style=\"color: #000000;\">\u00ab<\/span><\/span><\/span><\/span>eine kritische Freiheitsdiagnose unserer Gegenwart<span style=\"color: #000000;\"><span style=\"color: #000000;\"><span style=\"color: #000000;\"><span style=\"color: #000000;\">\u00bb<\/span><\/span><\/span><\/span>. Mit Reden, Vortr\u00e4gen, Gespr\u00e4chen und vor allem nat\u00fcrlich mit Musik wird diese Begriffsanalyse bei Frank betrieben. Dabei verstehe er seine Arbeit auch als einen kuratorischen Akt, in den er Auftragswerke anderer Komponisten integriere. <em>(cf)<\/em><\/span><br \/><\/span><\/span><\/p>\n","protected":false},"excerpt":{"rendered":"<p><span style=\"color: #000000; font-family: arial,helvetica,sans-serif; font-size: small;\">02.10.2015 &#8212; Im Rahmen der Donaueschinger Musiktage 2015 findet am 17. Oktober die Urauff\u00fchrung von Patrick Franks \u00abFreiheit \u2013 die eutopische Gesellschaft\u00bb statt.<\/span><\/p>\n","protected":false},"author":1,"featured_media":0,"comment_status":"open","ping_status":"open","sticky":false,"template":"","format":"standard","meta":{"footnotes":""},"categories":[2],"tags":[],"class_list":["post-2573","post","type-post","status-publish","format-standard","hentry","category-nachrichten","entry"],"_links":{"self":[{"href":"https:\/\/codexflores.ch\/index.php\/wp-json\/wp\/v2\/posts\/2573","targetHints":{"allow":["GET"]}}],"collection":[{"href":"https:\/\/codexflores.ch\/index.php\/wp-json\/wp\/v2\/posts"}],"about":[{"href":"https:\/\/codexflores.ch\/index.php\/wp-json\/wp\/v2\/types\/post"}],"author":[{"embeddable":true,"href":"https:\/\/codexflores.ch\/index.php\/wp-json\/wp\/v2\/users\/1"}],"replies":[{"embeddable":true,"href":"https:\/\/codexflores.ch\/index.php\/wp-json\/wp\/v2\/comments?post=2573"}],"version-history":[{"count":0,"href":"https:\/\/codexflores.ch\/index.php\/wp-json\/wp\/v2\/posts\/2573\/revisions"}],"wp:attachment":[{"href":"https:\/\/codexflores.ch\/index.php\/wp-json\/wp\/v2\/media?parent=2573"}],"wp:term":[{"taxonomy":"category","embeddable":true,"href":"https:\/\/codexflores.ch\/index.php\/wp-json\/wp\/v2\/categories?post=2573"},{"taxonomy":"post_tag","embeddable":true,"href":"https:\/\/codexflores.ch\/index.php\/wp-json\/wp\/v2\/tags?post=2573"}],"curies":[{"name":"wp","href":"https:\/\/api.w.org\/{rel}","templated":true}]}}