{"id":2574,"date":"2015-10-05T06:13:48","date_gmt":"2015-10-05T06:13:48","guid":{"rendered":"https:\/\/codexflores.ch\/index.php\/2015\/10\/05\/2018-ist-fuer-wieler-in-stuttgart-definitiv-schluss\/"},"modified":"2015-10-05T06:13:48","modified_gmt":"2015-10-05T06:13:48","slug":"2018-ist-fuer-wieler-in-stuttgart-definitiv-schluss","status":"publish","type":"post","link":"https:\/\/codexflores.ch\/index.php\/2015\/10\/05\/2018-ist-fuer-wieler-in-stuttgart-definitiv-schluss\/","title":{"rendered":"2018 ist f\u00fcr Wieler in Stuttgart definitiv Schluss"},"content":{"rendered":"<p><span style=\"font-family: arial,helvetica,sans-serif; font-size: small;\">05.10.2015 &#8212; Jossi Wieler, der Schweizer Intendant der Stuttgarter Oper, wird seinen dortigen Vertrag nicht \u00fcber 2018 hinaus verl\u00e4ngern. Er will \u00fcber 2018 hinaus keine Intendantenverpflichtung mehr eingehen und wieder als freier Regisseur in Oper und Schauspiel arbeiten.<\/span><\/p>\n<p>\u00a0<\/p>\n<p><span style=\"font-family: arial,helvetica,sans-serif; font-size: small;\"><strong>05.10.2015 &#8212; Jossi Wieler, der Schweizer Intendant der Stuttgarter Oper, wird seinen dortigen Vertrag nicht \u00fcber 2018 hinaus verl\u00e4ngern. Er will \u00fcber 2018 hinaus keine Intendantenverpflichtung mehr eingehen und wieder als freier Regisseur in Oper und Schauspiel arbeiten.<\/strong><\/span><\/p>\n<p>\u00a0<\/p>\n<p><span style=\"font-family: arial,helvetica,sans-serif; font-size: small;\">Die baden-w\u00fcrttemberigische Kunstministerin Theresia Bauer und Stuttgarts Oberb\u00fcrgermeister Fritz Kuhn \u00abbedauern die Entscheidung von Jossi Wieler sehr\u00bb. Sie seien ihm \u00abschon heute zu grossem Dank verpflichtet\u00bb. Er sei eine hochgesch\u00e4tzte K\u00fcnstlerpers\u00f6nlichkeit und habe der Oper Stuttgart als regief\u00fchrender Intendant ein unverwechselbares Profil verliehen, heisst es in der offiziellen Medienmitteilung.<\/span><\/p>\n<p>\u00a0<\/p>\n<p><span style=\"font-family: arial,helvetica,sans-serif; font-size: small;\">Ministerin Bauer als Vorsitzende des Verwaltungsrats der Staatstheater Stuttgart k\u00fcndigte an, das Ministerium f\u00fcr Wissenschaft, Forschung und Kunst werde so schnell wie m\u00f6glich das Findungsverfahren zur Nachfolge von Jossi Wieler einleiten. Wegen der erforderlichen, besonders langen Planungs- und Vorlaufzeiten bei der Oper sei angestrebt, m\u00f6glichst zeitnah einen Nachfolger oder eine Nachfolgerin f\u00fcr Wieler zu finden. Dazu solle vom Verwaltungsrat im November eine Findungskommission eingesetzt werden.\u00a0 <em>(cf)<\/em><\/span><\/p>\n<p>\u00a0<\/p>\n","protected":false},"excerpt":{"rendered":"<p><span style=\"font-family: arial,helvetica,sans-serif; font-size: small;\">05.10.2015 &#8212; Jossi Wieler, der Schweizer Intendant der Stuttgarter Oper, wird seinen dortigen Vertrag nicht \u00fcber 2018 hinaus verl\u00e4ngern. Er will \u00fcber 2018 hinaus keine Intendantenverpflichtung mehr eingehen und wieder als freier Regisseur in Oper und Schauspiel arbeiten.<\/span><\/p>\n","protected":false},"author":1,"featured_media":0,"comment_status":"open","ping_status":"open","sticky":false,"template":"","format":"standard","meta":{"footnotes":""},"categories":[2],"tags":[],"class_list":["post-2574","post","type-post","status-publish","format-standard","hentry","category-nachrichten","entry"],"_links":{"self":[{"href":"https:\/\/codexflores.ch\/index.php\/wp-json\/wp\/v2\/posts\/2574","targetHints":{"allow":["GET"]}}],"collection":[{"href":"https:\/\/codexflores.ch\/index.php\/wp-json\/wp\/v2\/posts"}],"about":[{"href":"https:\/\/codexflores.ch\/index.php\/wp-json\/wp\/v2\/types\/post"}],"author":[{"embeddable":true,"href":"https:\/\/codexflores.ch\/index.php\/wp-json\/wp\/v2\/users\/1"}],"replies":[{"embeddable":true,"href":"https:\/\/codexflores.ch\/index.php\/wp-json\/wp\/v2\/comments?post=2574"}],"version-history":[{"count":0,"href":"https:\/\/codexflores.ch\/index.php\/wp-json\/wp\/v2\/posts\/2574\/revisions"}],"wp:attachment":[{"href":"https:\/\/codexflores.ch\/index.php\/wp-json\/wp\/v2\/media?parent=2574"}],"wp:term":[{"taxonomy":"category","embeddable":true,"href":"https:\/\/codexflores.ch\/index.php\/wp-json\/wp\/v2\/categories?post=2574"},{"taxonomy":"post_tag","embeddable":true,"href":"https:\/\/codexflores.ch\/index.php\/wp-json\/wp\/v2\/tags?post=2574"}],"curies":[{"name":"wp","href":"https:\/\/api.w.org\/{rel}","templated":true}]}}