{"id":2575,"date":"2015-10-05T06:32:13","date_gmt":"2015-10-05T06:32:13","guid":{"rendered":"https:\/\/codexflores.ch\/index.php\/2015\/10\/05\/foremny-verlaengert-vertrag-mit-stuttgarter-kammerorchester\/"},"modified":"2015-10-05T06:32:13","modified_gmt":"2015-10-05T06:32:13","slug":"foremny-verlaengert-vertrag-mit-stuttgarter-kammerorchester","status":"publish","type":"post","link":"https:\/\/codexflores.ch\/index.php\/2015\/10\/05\/foremny-verlaengert-vertrag-mit-stuttgarter-kammerorchester\/","title":{"rendered":"Foremny verl\u00e4ngert Vertrag mit Stuttgarter Kammerorchester"},"content":{"rendered":"<p><span style=\"font-family: arial,helvetica,sans-serif; font-size: small;\">05.10.2015 &#8212; Matthias Foremny verl\u00e4ngert seinen Vertrag als Chefdirigent des Stuttgarter Kammerorchesters um weitere drei Jahre bis zum Ende der Spielzeit 2018\/2019.<\/span><\/p>\n<p><span style=\"font-family: arial,helvetica,sans-serif; font-size: small;\"><strong>05.10.2015 &#8212; Matthias Foremny verl\u00e4ngert seinen Vertrag als Chefdirigent des Stuttgarter Kammerorchesters um weitere drei Jahre bis zum Ende der Spielzeit 2018\/2019.<\/strong><\/span><\/p>\n<p><span style=\"font-family: arial,helvetica,sans-serif; font-size: small;\">\u00a0<\/span><\/p>\n<p><span style=\"font-family: arial,helvetica,sans-serif; font-size: small;\">Foremny ist seit der Saison 2013\/2014 Chefdirigent des Orchesters. Er \u00fcbernahm die Position von Michael Hofstetter, der dieses Amt von 2006 bis 2013 innehatte. Dessen Vorga\u00e4nger war von 1995 bis 2006 Dennis Russell Davies.<\/span><\/p>\n<p><span style=\"font-family: arial,helvetica,sans-serif; font-size: small;\">\u00a0<\/span><\/p>\n<p><span style=\"font-family: arial,helvetica,sans-serif; font-size: small;\">Seit Beginn der Saison 2014\/15 ist Matthias Foremny auch als Professor f\u00fcr Dirigieren an der Hochschule f\u00fcr Musik und Theater in Leipzig t\u00e4tig. Zudem ist er seit der Saison 2011\/12 Erster st\u00e4ndiger Gastdirigent an der Oper Leipzig. Er gewann 1995 w\u00e4hrend seiner Studien in Detmold und Wien den Internationalen Dirigentenwettbewerb Prager Fr\u00fchling. Ab 2000 amtete er als erster Kapellmeister an der Komischen Oper Berlin. 2002 war er Preistr\u00e4ger des Dirigentenforums des Deutschen Musikrates und 2003 bis \u200a2012 GMD und Operndirektor am Mecklenburgischen Staatstheater Schwerin. <em>(cf)<\/em><\/span><\/p>\n","protected":false},"excerpt":{"rendered":"<p><span style=\"font-family: arial,helvetica,sans-serif; font-size: small;\">05.10.2015 &#8212; Matthias Foremny verl\u00e4ngert seinen Vertrag als Chefdirigent des Stuttgarter Kammerorchesters um weitere drei Jahre bis zum Ende der Spielzeit 2018\/2019.<\/span><\/p>\n","protected":false},"author":1,"featured_media":0,"comment_status":"open","ping_status":"open","sticky":false,"template":"","format":"standard","meta":{"footnotes":""},"categories":[2],"tags":[],"class_list":["post-2575","post","type-post","status-publish","format-standard","hentry","category-nachrichten","entry"],"_links":{"self":[{"href":"https:\/\/codexflores.ch\/index.php\/wp-json\/wp\/v2\/posts\/2575","targetHints":{"allow":["GET"]}}],"collection":[{"href":"https:\/\/codexflores.ch\/index.php\/wp-json\/wp\/v2\/posts"}],"about":[{"href":"https:\/\/codexflores.ch\/index.php\/wp-json\/wp\/v2\/types\/post"}],"author":[{"embeddable":true,"href":"https:\/\/codexflores.ch\/index.php\/wp-json\/wp\/v2\/users\/1"}],"replies":[{"embeddable":true,"href":"https:\/\/codexflores.ch\/index.php\/wp-json\/wp\/v2\/comments?post=2575"}],"version-history":[{"count":0,"href":"https:\/\/codexflores.ch\/index.php\/wp-json\/wp\/v2\/posts\/2575\/revisions"}],"wp:attachment":[{"href":"https:\/\/codexflores.ch\/index.php\/wp-json\/wp\/v2\/media?parent=2575"}],"wp:term":[{"taxonomy":"category","embeddable":true,"href":"https:\/\/codexflores.ch\/index.php\/wp-json\/wp\/v2\/categories?post=2575"},{"taxonomy":"post_tag","embeddable":true,"href":"https:\/\/codexflores.ch\/index.php\/wp-json\/wp\/v2\/tags?post=2575"}],"curies":[{"name":"wp","href":"https:\/\/api.w.org\/{rel}","templated":true}]}}