{"id":2576,"date":"2015-10-06T05:46:06","date_gmt":"2015-10-06T05:46:06","guid":{"rendered":"https:\/\/codexflores.ch\/index.php\/2015\/10\/06\/akademie-der-deutschen-kammerphilharmonie-bremen\/"},"modified":"2015-10-06T05:46:06","modified_gmt":"2015-10-06T05:46:06","slug":"akademie-der-deutschen-kammerphilharmonie-bremen","status":"publish","type":"post","link":"https:\/\/codexflores.ch\/index.php\/2015\/10\/06\/akademie-der-deutschen-kammerphilharmonie-bremen\/","title":{"rendered":"Akademie der Deutschen Kammerphilharmonie Bremen"},"content":{"rendered":"<p><span style=\"font-family: arial,helvetica,sans-serif; font-size: small;\">06.10.2015 &#8212; Die Deutsche Kammerphilharmonie Bremen hat eine Akademie gegr\u00fcndet, mit der sie \u00abk\u00fcnstlerisch herausragende Instrumentalisten in Deutschland, die am Beginn einer erfolgreichen Musikerkarriere im 21. Jahrhundert stehen\u00bb, f\u00f6rdern will.<\/span><\/p>\n<p><span style=\"font-family: arial,helvetica,sans-serif; font-size: small;\"><strong>06.10.2015 &#8212; Die Deutsche Kammerphilharmonie Bremen hat eine Akademie gegr\u00fcndet, mit der sie \u00abk\u00fcnstlerisch herausragende Instrumentalisten in Deutschland, die am Beginn einer erfolgreichen Musikerkarriere im 21. Jahrhundert stehen\u00bb f\u00f6rdern will.<\/strong><\/span><\/p>\n<p><span style=\"font-family: arial,helvetica,sans-serif; font-size: small;\">\u00a0<\/span><\/p>\n<p><span style=\"font-family: arial,helvetica,sans-serif; font-size: small;\">Finanziert wird der Start der Akademie, die <\/span><span style=\"font-family: arial,helvetica,sans-serif; font-size: small;\">als gemeinn\u00fctzige GmbH organisiert ist und <\/span><span style=\"font-family: arial,helvetica,sans-serif; font-size: small;\">auch mit der Jungen Deutschen Philharmonie kooperiert, von der Heinz-Peter und Annelotte Koch Stiftung.\u00a0Die Deutsche Kammerphilharmonie Bremen ist vor 35 Jahren aus der Jungen Deutschen Philharmonie hervorgegangen.<\/span><\/p>\n<p>\u00a0<\/p>\n<p><span style=\"font-family: arial,helvetica,sans-serif; font-size: small;\">In der zweij\u00e4hrigen Ausbildungszeit wirken die Akademisten bei Orchesterprojekten und Tourneen der Deutschen Kammerphilharmonie Bremen mit. Im Curriculum Generale erhalten sie auch K\u00f6rpertraining f\u00fcr Musiker und Ausbildung in Marketing und Sponsoring sowie Musikvermittlung, Konzertplanung und Dramaturgie. Die Stipendiaten haben ihre Heimat auf dem Campus der Jacobs University in Bremen Nord, wo sie auch \u00fcber \u00dcbungs- und Auff\u00fchrungsm\u00f6glichkeiten verf\u00fcgen. Es handelt sich um den Auftakt einer weiterf\u00fchrenden Kooperation mit der internationalen Universit\u00e4t. <em>(cf)<\/em><\/span><\/p>\n","protected":false},"excerpt":{"rendered":"<p><span style=\"font-family: arial,helvetica,sans-serif; font-size: small;\">06.10.2015 &#8212; Die Deutsche Kammerphilharmonie Bremen hat eine Akademie gegr\u00fcndet, mit der sie \u00abk\u00fcnstlerisch herausragende Instrumentalisten in Deutschland, die am Beginn einer erfolgreichen Musikerkarriere im 21. Jahrhundert stehen\u00bb, f\u00f6rdern will.<\/span><\/p>\n","protected":false},"author":1,"featured_media":0,"comment_status":"open","ping_status":"open","sticky":false,"template":"","format":"standard","meta":{"footnotes":""},"categories":[2],"tags":[],"class_list":["post-2576","post","type-post","status-publish","format-standard","hentry","category-nachrichten","entry"],"_links":{"self":[{"href":"https:\/\/codexflores.ch\/index.php\/wp-json\/wp\/v2\/posts\/2576","targetHints":{"allow":["GET"]}}],"collection":[{"href":"https:\/\/codexflores.ch\/index.php\/wp-json\/wp\/v2\/posts"}],"about":[{"href":"https:\/\/codexflores.ch\/index.php\/wp-json\/wp\/v2\/types\/post"}],"author":[{"embeddable":true,"href":"https:\/\/codexflores.ch\/index.php\/wp-json\/wp\/v2\/users\/1"}],"replies":[{"embeddable":true,"href":"https:\/\/codexflores.ch\/index.php\/wp-json\/wp\/v2\/comments?post=2576"}],"version-history":[{"count":0,"href":"https:\/\/codexflores.ch\/index.php\/wp-json\/wp\/v2\/posts\/2576\/revisions"}],"wp:attachment":[{"href":"https:\/\/codexflores.ch\/index.php\/wp-json\/wp\/v2\/media?parent=2576"}],"wp:term":[{"taxonomy":"category","embeddable":true,"href":"https:\/\/codexflores.ch\/index.php\/wp-json\/wp\/v2\/categories?post=2576"},{"taxonomy":"post_tag","embeddable":true,"href":"https:\/\/codexflores.ch\/index.php\/wp-json\/wp\/v2\/tags?post=2576"}],"curies":[{"name":"wp","href":"https:\/\/api.w.org\/{rel}","templated":true}]}}