{"id":2579,"date":"2015-10-06T06:19:12","date_gmt":"2015-10-06T06:19:12","guid":{"rendered":"https:\/\/codexflores.ch\/index.php\/2015\/10\/06\/shelley-verlaesst-nuernberger-symphoniker-2017\/"},"modified":"2015-10-06T06:19:12","modified_gmt":"2015-10-06T06:19:12","slug":"shelley-verlaesst-nuernberger-symphoniker-2017","status":"publish","type":"post","link":"https:\/\/codexflores.ch\/index.php\/2015\/10\/06\/shelley-verlaesst-nuernberger-symphoniker-2017\/","title":{"rendered":"Shelley verl\u00e4sst N\u00fcrnberger Symphoniker 2017"},"content":{"rendered":"<p><span style=\"font-family: arial,helvetica,sans-serif; font-size: small;\">06.10.2015 &#8212; Chefdirigent Alexander Shelley, der seit diesem Jahr neben seiner T\u00e4tigkeit in N\u00fcrnberg zwei weitere Posten in Ottawa und London innehat, wird seinen Vertrag bei den N\u00fcrnberger Symphonikern nicht verl\u00e4ngern und damit seine T\u00e4tigkeit zum Ende der Spielzeit 2016\/17 beenden.<\/span><\/p>\n<p><span style=\"font-family: arial,helvetica,sans-serif; font-size: small;\"><strong>06.10.2015 &#8212; Chefdirigent Alexander Shelley, der seit diesem Jahr neben seiner T\u00e4tigkeit in N\u00fcrnberg zwei weitere Posten in Ottawa und London innehat, wird seinen Vertrag bei den N\u00fcrnberger Symphonikern nicht verl\u00e4ngern und damit seine T\u00e4tigkeit zum Ende der Spielzeit 2016\/17 beenden.<\/strong><\/span><\/p>\n<p><span style=\"font-family: arial,helvetica,sans-serif; font-size: small;\">\u00a0<\/span><\/p>\n<p><span style=\"font-family: arial,helvetica,sans-serif; font-size: small;\">Alexander Shelley gab laut der\u00a0 Mitteilung der N\u00fcrnberger Symphoniker \u00abmit Bedauern bekannt, dass seine zunehmenden Pflichten als Music Director das Nationalen Orchesters im kanadischen Ottawa sowie sein Engagement beim Royal Philharmonic Orchestra in London eine Fortf\u00fchrung seiner N\u00fcrnberger Aktivit\u00e4ten nicht mehr erlauben w\u00fcrden\u00bb.<\/span><\/p>\n<p><span style=\"font-family: arial,helvetica,sans-serif; font-size: small;\">\u00a0<\/span><\/p>\n<p><span style=\"font-family: arial,helvetica,sans-serif; font-size: small;\">Der 1979 geborene britische Cellist und Dirigent Shelley ist seit September 2009 iChefdirigent der N\u00fcrnberger Symphoniker. Er hat am Royal College of Music in London und an der Robert-Schumann-Hochschule D\u00fcsseldorf studiert. <em>(cf)<\/em><\/span><\/p>\n","protected":false},"excerpt":{"rendered":"<p><span style=\"font-family: arial,helvetica,sans-serif; font-size: small;\">06.10.2015 &#8212; Chefdirigent Alexander Shelley, der seit diesem Jahr neben seiner T\u00e4tigkeit in N\u00fcrnberg zwei weitere Posten in Ottawa und London innehat, wird seinen Vertrag bei den N\u00fcrnberger Symphonikern nicht verl\u00e4ngern und damit seine T\u00e4tigkeit zum Ende der Spielzeit 2016\/17 beenden.<\/span><\/p>\n","protected":false},"author":1,"featured_media":0,"comment_status":"open","ping_status":"open","sticky":false,"template":"","format":"standard","meta":{"footnotes":""},"categories":[2],"tags":[],"class_list":["post-2579","post","type-post","status-publish","format-standard","hentry","category-nachrichten","entry"],"_links":{"self":[{"href":"https:\/\/codexflores.ch\/index.php\/wp-json\/wp\/v2\/posts\/2579","targetHints":{"allow":["GET"]}}],"collection":[{"href":"https:\/\/codexflores.ch\/index.php\/wp-json\/wp\/v2\/posts"}],"about":[{"href":"https:\/\/codexflores.ch\/index.php\/wp-json\/wp\/v2\/types\/post"}],"author":[{"embeddable":true,"href":"https:\/\/codexflores.ch\/index.php\/wp-json\/wp\/v2\/users\/1"}],"replies":[{"embeddable":true,"href":"https:\/\/codexflores.ch\/index.php\/wp-json\/wp\/v2\/comments?post=2579"}],"version-history":[{"count":0,"href":"https:\/\/codexflores.ch\/index.php\/wp-json\/wp\/v2\/posts\/2579\/revisions"}],"wp:attachment":[{"href":"https:\/\/codexflores.ch\/index.php\/wp-json\/wp\/v2\/media?parent=2579"}],"wp:term":[{"taxonomy":"category","embeddable":true,"href":"https:\/\/codexflores.ch\/index.php\/wp-json\/wp\/v2\/categories?post=2579"},{"taxonomy":"post_tag","embeddable":true,"href":"https:\/\/codexflores.ch\/index.php\/wp-json\/wp\/v2\/tags?post=2579"}],"curies":[{"name":"wp","href":"https:\/\/api.w.org\/{rel}","templated":true}]}}