{"id":2580,"date":"2015-10-07T05:59:52","date_gmt":"2015-10-07T05:59:52","guid":{"rendered":"https:\/\/codexflores.ch\/index.php\/2015\/10\/07\/neues-leitungsteam-fuer-die-stiftung-mozarteum\/"},"modified":"2015-10-07T05:59:52","modified_gmt":"2015-10-07T05:59:52","slug":"neues-leitungsteam-fuer-die-stiftung-mozarteum","status":"publish","type":"post","link":"https:\/\/codexflores.ch\/index.php\/2015\/10\/07\/neues-leitungsteam-fuer-die-stiftung-mozarteum\/","title":{"rendered":"Neues Leitungsteam f\u00fcr die Stiftung Mozarteum"},"content":{"rendered":"<p><span style=\"font-family: arial,helvetica,sans-serif; font-size: small;\">07.10.2015 &#8212; Die Salzburger Stiftung Mozarteum erh\u00e4lt ein neues Leitungsteam: Maren Hofmeister wird k\u00fcnstlerische Leiterin und Tobias Debuch neuer kaufm\u00e4nnischer Gesch\u00e4ftsf\u00fchrer.<\/span><\/p>\n<p><span style=\"font-family: arial,helvetica,sans-serif; font-size: small;\"><strong>07.10.2015 &#8212; Die Salzburger Stiftung Mozarteum erh\u00e4lt ein neues Leitungsteam: Maren Hofmeister wird k\u00fcnstlerische Leiterin und Tobias Debuch neuer kaufm\u00e4nnischer Gesch\u00e4ftsf\u00fchrer.<\/strong><\/span><\/p>\n<p><span style=\"font-family: arial,helvetica,sans-serif; font-size: small;\">\u00a0<\/span><\/p>\n<p><span style=\"font-family: arial,helvetica,sans-serif; font-size: small;\">Maren Hofmeister ist Produzentin der Oper im Steinbruch St. Margarethen und Direktorin f\u00fcr Musik und Kultur der Esterh\u00e1zy Privatstiftung Eisenstadt. Das Amt in Salzburg \u00fcbernimmt sie ab 15. April 2016. Ab 2018 \u00fcbernimmt sie die Intendanz der Mozartwoche. Sie bleibt noch f\u00fcr die bereits fixierten Opernproduktionen 2016 und 2017 im Steinbruch St. Margarethen verantwortlich.<\/span><\/p>\n<p><span style=\"font-family: arial,helvetica,sans-serif; font-size: small;\">\u00a0<\/span><\/p>\n<p><span style=\"font-family: arial,helvetica,sans-serif; font-size: small;\">Der neue kaufm\u00e4nnische Gesch\u00e4ftsf\u00fchrer Tobias Debuch wird seine Funktion bereits mit 1. Dezember 2015 antreten. Debuch ist Pianist und Organist und hat in L\u00fcneburg Betriebswirtschaft und Musikwissenschaft studiert. Er unterrichtete an der Universit\u00e4t L\u00fcneburg und an der Macromedia Hochschule f\u00fcr Medien und Kommunikation in Hamburg Kultur- bzw. Musikmanagement, arbeitete f\u00fcnf Jahre als Unternehmensberater und gr\u00fcndete 2010 ein eigenes Unternehmen im Bereich Kulturmarketing, Konzertorganisation, Veranstaltungs- und Eintrittskartenvertrieb, das er vor kurzem an eine grosse Verlagsgruppe verkauft hat. <em>(cf)\u00a0<\/em><\/span><\/p>\n<p>\u00a0<\/p>\n<p>\u00a0<\/p>\n","protected":false},"excerpt":{"rendered":"<p><span style=\"font-family: arial,helvetica,sans-serif; font-size: small;\">07.10.2015 &#8212; Die Salzburger Stiftung Mozarteum erh\u00e4lt ein neues Leitungsteam: Maren Hofmeister wird k\u00fcnstlerische Leiterin und Tobias Debuch neuer kaufm\u00e4nnischer Gesch\u00e4ftsf\u00fchrer.<\/span><\/p>\n","protected":false},"author":1,"featured_media":0,"comment_status":"open","ping_status":"open","sticky":false,"template":"","format":"standard","meta":{"footnotes":""},"categories":[2],"tags":[],"class_list":["post-2580","post","type-post","status-publish","format-standard","hentry","category-nachrichten","entry"],"_links":{"self":[{"href":"https:\/\/codexflores.ch\/index.php\/wp-json\/wp\/v2\/posts\/2580","targetHints":{"allow":["GET"]}}],"collection":[{"href":"https:\/\/codexflores.ch\/index.php\/wp-json\/wp\/v2\/posts"}],"about":[{"href":"https:\/\/codexflores.ch\/index.php\/wp-json\/wp\/v2\/types\/post"}],"author":[{"embeddable":true,"href":"https:\/\/codexflores.ch\/index.php\/wp-json\/wp\/v2\/users\/1"}],"replies":[{"embeddable":true,"href":"https:\/\/codexflores.ch\/index.php\/wp-json\/wp\/v2\/comments?post=2580"}],"version-history":[{"count":0,"href":"https:\/\/codexflores.ch\/index.php\/wp-json\/wp\/v2\/posts\/2580\/revisions"}],"wp:attachment":[{"href":"https:\/\/codexflores.ch\/index.php\/wp-json\/wp\/v2\/media?parent=2580"}],"wp:term":[{"taxonomy":"category","embeddable":true,"href":"https:\/\/codexflores.ch\/index.php\/wp-json\/wp\/v2\/categories?post=2580"},{"taxonomy":"post_tag","embeddable":true,"href":"https:\/\/codexflores.ch\/index.php\/wp-json\/wp\/v2\/tags?post=2580"}],"curies":[{"name":"wp","href":"https:\/\/api.w.org\/{rel}","templated":true}]}}